{"id":27167,"date":"2020-03-05T13:44:28","date_gmt":"2020-03-05T13:44:28","guid":{"rendered":"https:\/\/sertv.gob.pa\/crisolfm\/?p=27167"},"modified":"2020-03-05T13:44:28","modified_gmt":"2020-03-05T13:44:28","slug":"primer-congreso-de-mujeres-gunas-se-realizara-en-ukupseni","status":"publish","type":"post","link":"https:\/\/sertv.gob.pa\/crisolfm\/primer-congreso-de-mujeres-gunas-se-realizara-en-ukupseni\/","title":{"rendered":"Primer congreso de mujeres gunas se realizar\u00e1 en Ukupseni"},"content":{"rendered":"<p>La primera versi\u00f3n del congreso general dirigido por mujeres de la etnia guna se llevar\u00e1 a cabo desde este viernes 6 hasta el 9 de marzo en la comunidad de Ukupseni en la comarca Guna Yala.<\/p>\n<p>En la actividad participar\u00e1n delegaciones provenientes de 49 comunidades y un Sahila representante de la comunidad local, donde se tratar\u00e1n temas de gran trascendencia para el grupo ind\u00edgena.<\/p>\n<p>Entre los temas a tratar estar\u00e1n el origen de la mola\u00a0la situaci\u00f3n de la mujer guna en la comarca, problemas de drogas,\u00a0empoderamiento de la mujer en la historia, rescate de los conocimientos ancestrales, la mujer en la producci\u00f3n y alimentaci\u00f3n,\u00a0soberan\u00eda alimentaria,\u00a0 medio ambiente,\u00a0 salud y participaci\u00f3n en el proceso de tomas decisiones.<\/p>\n<p>En la reuni\u00f3n igualmente estar\u00e1n presentes los caciques generales del congreso administrativo y de cultura.<\/p>\n<p>&nbsp;<\/p>\n","protected":false},"excerpt":{"rendered":"<p>La primera versi\u00f3n del congreso general dirigido por mujeres de <a href=\"https:\/\/sertv.gob.pa\/crisolfm\/primer-congreso-de-mujeres-gunas-se-realizara-en-ukupseni\/\"> [&#8230;]<\/a><\/p>\n","protected":false},"author":64,"featured_media":27168,"comment_status":"closed","ping_status":"closed","sticky":false,"template":"","format":"standard","meta":{"footnotes":""},"categories":[6],"tags":[],"class_list":["post-27167","post","type-post","status-publish","format-standard","has-post-thumbnail","hentry","category-culturales"],"_links":{"self":[{"href":"https:\/\/sertv.gob.pa\/crisolfm\/wp-json\/wp\/v2\/posts\/27167","targetHints":{"allow":["GET"]}}],"collection":[{"href":"https:\/\/sertv.gob.pa\/crisolfm\/wp-json\/wp\/v2\/posts"}],"about":[{"href":"https:\/\/sertv.gob.pa\/crisolfm\/wp-json\/wp\/v2\/types\/post"}],"author":[{"embeddable":true,"href":"https:\/\/sertv.gob.pa\/crisolfm\/wp-json\/wp\/v2\/users\/64"}],"replies":[{"embeddable":true,"href":"https:\/\/sertv.gob.pa\/crisolfm\/wp-json\/wp\/v2\/comments?post=27167"}],"version-history":[{"count":1,"href":"https:\/\/sertv.gob.pa\/crisolfm\/wp-json\/wp\/v2\/posts\/27167\/revisions"}],"predecessor-version":[{"id":27169,"href":"https:\/\/sertv.gob.pa\/crisolfm\/wp-json\/wp\/v2\/posts\/27167\/revisions\/27169"}],"wp:featuredmedia":[{"embeddable":true,"href":"https:\/\/sertv.gob.pa\/crisolfm\/wp-json\/wp\/v2\/media\/27168"}],"wp:attachment":[{"href":"https:\/\/sertv.gob.pa\/crisolfm\/wp-json\/wp\/v2\/media?parent=27167"}],"wp:term":[{"taxonomy":"category","embeddable":true,"href":"https:\/\/sertv.gob.pa\/crisolfm\/wp-json\/wp\/v2\/categories?post=27167"},{"taxonomy":"post_tag","embeddable":true,"href":"https:\/\/sertv.gob.pa\/crisolfm\/wp-json\/wp\/v2\/tags?post=27167"}],"curies":[{"name":"wp","href":"https:\/\/api.w.org\/{rel}","templated":true}]}}