{"id":27192,"date":"2020-03-05T14:46:01","date_gmt":"2020-03-05T14:46:01","guid":{"rendered":"https:\/\/sertv.gob.pa\/crisolfm\/?p=27192"},"modified":"2020-03-05T14:46:01","modified_gmt":"2020-03-05T14:46:01","slug":"protegiendo-el-espacio-natural-del-montseny","status":"publish","type":"post","link":"https:\/\/sertv.gob.pa\/crisolfm\/protegiendo-el-espacio-natural-del-montseny\/","title":{"rendered":"Protegiendo el espacio natural del Montseny"},"content":{"rendered":"<p>Las entidades ecologistas Coordinadora per a la Salvaguarda del Montseny (CSM), Depana, Ecologistes en Acci\u00f3 y SEO\/BirdLife han iniciado la recogida de firmas para promover en el Parlament una Iniciativa Legislativa Popular (ILP) que \u00abdefina diferentes niveles de protecci\u00f3n para <strong>el espacio natural del Montseny<\/strong>\u00ab.<\/p>\n<p>En rueda de prensa en el Parlament presentados por la diputada de la CUP Nat\u00e0lia S\u00e0nchez, los promotores de la ILP han decidido impulsar esta iniciativa dada \u00abla inoperancia de las autoridades ambientales y ante los peligros que amenazan la supervivencia del Montseny como espacio natural y la situaci\u00f3n de indefensi\u00f3n jur\u00eddica que sufre\u00bb.<\/p>\n<p>En la misma l\u00ednea se ha pronunciado el presidente de la CSM, Carles Lumeras, que ha advertido de lo que se apruebe para <strong>el Montseny tendr\u00e1 una repercusi\u00f3n inmediata<\/strong> en el resto de espacios naturales de Catalunya: \u00abEstamos abriendo un camino para que otros espacios naturales puedan tener un grado de protecci\u00f3n superior en funci\u00f3n de lo que pase en el Parlament\u00bb.<\/p>\n<p>Desde Ecologistes en Acci\u00f3, esperan que, en caso de lograr las 50.000 firmas, los grupos parlamentarios apoyar\u00e1n la iniciativa y conseguir\u00e1n tener \u00abuna parte del territorio de Catalunya bien protegido\u00bb.<\/p>\n<p>La delegada en Catalunya de SEO\/BirdLife, Cristina S\u00e1nchez, ve una \u00abverg\u00fcenza\u00bb que el parque tenga una protecci\u00f3n de un plan de 1977, por lo que ha emplazado al Govern a facilitar la tramitaci\u00f3n de esta iniciativa.<\/p>\n<p>&nbsp;<\/p>\n<p>ECOticias<\/p>\n<p>&nbsp;<\/p>\n","protected":false},"excerpt":{"rendered":"<p>Las entidades ecologistas Coordinadora per a la Salvaguarda del Montseny <a href=\"https:\/\/sertv.gob.pa\/crisolfm\/protegiendo-el-espacio-natural-del-montseny\/\"> [&#8230;]<\/a><\/p>\n","protected":false},"author":64,"featured_media":27193,"comment_status":"closed","ping_status":"closed","sticky":false,"template":"","format":"standard","meta":{"footnotes":""},"categories":[7],"tags":[],"class_list":["post-27192","post","type-post","status-publish","format-standard","has-post-thumbnail","hentry","category-ecologicas"],"_links":{"self":[{"href":"https:\/\/sertv.gob.pa\/crisolfm\/wp-json\/wp\/v2\/posts\/27192","targetHints":{"allow":["GET"]}}],"collection":[{"href":"https:\/\/sertv.gob.pa\/crisolfm\/wp-json\/wp\/v2\/posts"}],"about":[{"href":"https:\/\/sertv.gob.pa\/crisolfm\/wp-json\/wp\/v2\/types\/post"}],"author":[{"embeddable":true,"href":"https:\/\/sertv.gob.pa\/crisolfm\/wp-json\/wp\/v2\/users\/64"}],"replies":[{"embeddable":true,"href":"https:\/\/sertv.gob.pa\/crisolfm\/wp-json\/wp\/v2\/comments?post=27192"}],"version-history":[{"count":1,"href":"https:\/\/sertv.gob.pa\/crisolfm\/wp-json\/wp\/v2\/posts\/27192\/revisions"}],"predecessor-version":[{"id":27194,"href":"https:\/\/sertv.gob.pa\/crisolfm\/wp-json\/wp\/v2\/posts\/27192\/revisions\/27194"}],"wp:featuredmedia":[{"embeddable":true,"href":"https:\/\/sertv.gob.pa\/crisolfm\/wp-json\/wp\/v2\/media\/27193"}],"wp:attachment":[{"href":"https:\/\/sertv.gob.pa\/crisolfm\/wp-json\/wp\/v2\/media?parent=27192"}],"wp:term":[{"taxonomy":"category","embeddable":true,"href":"https:\/\/sertv.gob.pa\/crisolfm\/wp-json\/wp\/v2\/categories?post=27192"},{"taxonomy":"post_tag","embeddable":true,"href":"https:\/\/sertv.gob.pa\/crisolfm\/wp-json\/wp\/v2\/tags?post=27192"}],"curies":[{"name":"wp","href":"https:\/\/api.w.org\/{rel}","templated":true}]}}