{"id":27196,"date":"2020-03-05T19:18:01","date_gmt":"2020-03-05T19:18:01","guid":{"rendered":"https:\/\/sertv.gob.pa\/crisolfm\/?p=27196"},"modified":"2020-03-05T19:18:01","modified_gmt":"2020-03-05T19:18:01","slug":"dos-delfines-quedan-varados-en-playa-la-marinera-tonosi","status":"publish","type":"post","link":"https:\/\/sertv.gob.pa\/crisolfm\/dos-delfines-quedan-varados-en-playa-la-marinera-tonosi\/","title":{"rendered":"Dos delfines quedan varados en playa La Marinera, Tonos\u00ed"},"content":{"rendered":"<p>El Ministerio de Ambiente (Miambiente) en Los Santos confirm\u00f3 este jueves 5 de marzo el hallazgo de dos delfines varados en playa La Marinera de Gu\u00e1nico Abajo, distrito de Tonos\u00ed en la Provincia de Los Santos.<\/p>\n<p>Seg\u00fan reportes de esta instituci\u00f3n, t\u00e9cnicos de Costa y Mares y \u00c1reas Protegidas atendieron el varamiento y rescate de dos delfines listados en la zona protegida de la playa La Marinera en Gu\u00e1nico Abajo de Tonos\u00ed.<\/p>\n<p>Se informa que uno de los individuos juvenil var\u00f3 sin vida con una herida en el mel\u00f3n, cuerpo y cola.<\/p>\n<p>El otro individuo adulto var\u00f3 con vida y fue ayudado por los guardaparques e inspectores marinos y logr\u00f3 volver a su medio natural con satisfacci\u00f3n.<\/p>\n<p>Es el segundo caso de varamiento de delfines que se registra en la costa de Tonos\u00ed en lo que va del 2020. El primero fue un delf\u00edn muerto hallado recientemente en Isla Ca\u00f1as.<\/p>\n<p>&nbsp;<\/p>\n","protected":false},"excerpt":{"rendered":"<p>El Ministerio de Ambiente (Miambiente) en Los Santos confirm\u00f3 este <a href=\"https:\/\/sertv.gob.pa\/crisolfm\/dos-delfines-quedan-varados-en-playa-la-marinera-tonosi\/\"> [&#8230;]<\/a><\/p>\n","protected":false},"author":64,"featured_media":27197,"comment_status":"closed","ping_status":"closed","sticky":false,"template":"","format":"standard","meta":{"footnotes":""},"categories":[7],"tags":[],"class_list":["post-27196","post","type-post","status-publish","format-standard","has-post-thumbnail","hentry","category-ecologicas"],"_links":{"self":[{"href":"https:\/\/sertv.gob.pa\/crisolfm\/wp-json\/wp\/v2\/posts\/27196","targetHints":{"allow":["GET"]}}],"collection":[{"href":"https:\/\/sertv.gob.pa\/crisolfm\/wp-json\/wp\/v2\/posts"}],"about":[{"href":"https:\/\/sertv.gob.pa\/crisolfm\/wp-json\/wp\/v2\/types\/post"}],"author":[{"embeddable":true,"href":"https:\/\/sertv.gob.pa\/crisolfm\/wp-json\/wp\/v2\/users\/64"}],"replies":[{"embeddable":true,"href":"https:\/\/sertv.gob.pa\/crisolfm\/wp-json\/wp\/v2\/comments?post=27196"}],"version-history":[{"count":1,"href":"https:\/\/sertv.gob.pa\/crisolfm\/wp-json\/wp\/v2\/posts\/27196\/revisions"}],"predecessor-version":[{"id":27198,"href":"https:\/\/sertv.gob.pa\/crisolfm\/wp-json\/wp\/v2\/posts\/27196\/revisions\/27198"}],"wp:featuredmedia":[{"embeddable":true,"href":"https:\/\/sertv.gob.pa\/crisolfm\/wp-json\/wp\/v2\/media\/27197"}],"wp:attachment":[{"href":"https:\/\/sertv.gob.pa\/crisolfm\/wp-json\/wp\/v2\/media?parent=27196"}],"wp:term":[{"taxonomy":"category","embeddable":true,"href":"https:\/\/sertv.gob.pa\/crisolfm\/wp-json\/wp\/v2\/categories?post=27196"},{"taxonomy":"post_tag","embeddable":true,"href":"https:\/\/sertv.gob.pa\/crisolfm\/wp-json\/wp\/v2\/tags?post=27196"}],"curies":[{"name":"wp","href":"https:\/\/api.w.org\/{rel}","templated":true}]}}