{"id":27200,"date":"2020-03-06T13:32:35","date_gmt":"2020-03-06T13:32:35","guid":{"rendered":"https:\/\/sertv.gob.pa\/crisolfm\/?p=27200"},"modified":"2020-03-06T13:32:35","modified_gmt":"2020-03-06T13:32:35","slug":"canal-de-panama-anuncia-ajuste-de-calado-por-sequia","status":"publish","type":"post","link":"https:\/\/sertv.gob.pa\/crisolfm\/canal-de-panama-anuncia-ajuste-de-calado-por-sequia\/","title":{"rendered":"Canal de Panam\u00e1 anuncia ajuste de calado por sequ\u00eda"},"content":{"rendered":"<p>A partir del 30 de marzo, la<a href=\"https:\/\/www.prensa.com\/tema\/autoridad-del-canal-de-panama\/\" target=\"_blank\" rel=\"noopener\"> Autoridad del Canal de Panam\u00e1 (ACP) <\/a>reducir\u00e1 en medio pie el calado de los buques neopanamax que utilizan las nuevas esclusas de la v\u00eda.<\/p>\n<p>La ACP hizo la notificaci\u00f3n en una nota enviada a agentes navieros, due\u00f1os de buques y operadores. Con el ajuste, el calado permitido o profundidad que alcanza la parte del buque que va sumergida para los neopanamax bajar\u00e1 de 46 pies aceptados actualmente, a 45.5 pies.<\/p>\n<p>Ajustar el calado de los barcos significa disminuir la cantidad de carga que puede transportar un barco para poder navegar en aguas menos profundas.<\/p>\n<p>Consultada sobre los segmentos que se podr\u00edan ver afectados con el ajuste, la subadministradora del Canal, <strong>Ilya Espino de Marotta,<\/strong> expres\u00f3 que por ahora \u201cno debe haber mayor afectaci\u00f3n a ning\u00fan buque con 45.5 pies de calado\u201d. Sin embargo, advirti\u00f3 que cuando s\u00ed puede haber un impacto es en caso de que sea necesario ajustar el calado a 44 pies.<\/p>\n<p>Los buques que lleguen con calado mayor a 45.5 pies despu\u00e9s del 30 de marzo podr\u00e1n transitar, dependiendo del nivel real del Gat\u00fan, o se les solicitar\u00e1 quitar peso.<\/p>\n<p>Las medidas adoptadas por el Canal son producto de los cambios en los patrones de lluvias que han afectado el nivel del lago Gat\u00fan.<\/p>\n","protected":false},"excerpt":{"rendered":"<p>A partir del 30 de marzo, la Autoridad del Canal <a href=\"https:\/\/sertv.gob.pa\/crisolfm\/canal-de-panama-anuncia-ajuste-de-calado-por-sequia\/\"> [&#8230;]<\/a><\/p>\n","protected":false},"author":64,"featured_media":27201,"comment_status":"closed","ping_status":"closed","sticky":false,"template":"","format":"standard","meta":{"footnotes":""},"categories":[7],"tags":[],"class_list":["post-27200","post","type-post","status-publish","format-standard","has-post-thumbnail","hentry","category-ecologicas"],"_links":{"self":[{"href":"https:\/\/sertv.gob.pa\/crisolfm\/wp-json\/wp\/v2\/posts\/27200","targetHints":{"allow":["GET"]}}],"collection":[{"href":"https:\/\/sertv.gob.pa\/crisolfm\/wp-json\/wp\/v2\/posts"}],"about":[{"href":"https:\/\/sertv.gob.pa\/crisolfm\/wp-json\/wp\/v2\/types\/post"}],"author":[{"embeddable":true,"href":"https:\/\/sertv.gob.pa\/crisolfm\/wp-json\/wp\/v2\/users\/64"}],"replies":[{"embeddable":true,"href":"https:\/\/sertv.gob.pa\/crisolfm\/wp-json\/wp\/v2\/comments?post=27200"}],"version-history":[{"count":1,"href":"https:\/\/sertv.gob.pa\/crisolfm\/wp-json\/wp\/v2\/posts\/27200\/revisions"}],"predecessor-version":[{"id":27202,"href":"https:\/\/sertv.gob.pa\/crisolfm\/wp-json\/wp\/v2\/posts\/27200\/revisions\/27202"}],"wp:featuredmedia":[{"embeddable":true,"href":"https:\/\/sertv.gob.pa\/crisolfm\/wp-json\/wp\/v2\/media\/27201"}],"wp:attachment":[{"href":"https:\/\/sertv.gob.pa\/crisolfm\/wp-json\/wp\/v2\/media?parent=27200"}],"wp:term":[{"taxonomy":"category","embeddable":true,"href":"https:\/\/sertv.gob.pa\/crisolfm\/wp-json\/wp\/v2\/categories?post=27200"},{"taxonomy":"post_tag","embeddable":true,"href":"https:\/\/sertv.gob.pa\/crisolfm\/wp-json\/wp\/v2\/tags?post=27200"}],"curies":[{"name":"wp","href":"https:\/\/api.w.org\/{rel}","templated":true}]}}