{"id":27207,"date":"2020-03-06T13:42:22","date_gmt":"2020-03-06T13:42:22","guid":{"rendered":"https:\/\/sertv.gob.pa\/crisolfm\/?p=27207"},"modified":"2020-03-06T13:42:22","modified_gmt":"2020-03-06T13:42:22","slug":"reabren-la-mas-antigua-piramide-egipcia-en-pie","status":"publish","type":"post","link":"https:\/\/sertv.gob.pa\/crisolfm\/reabren-la-mas-antigua-piramide-egipcia-en-pie\/","title":{"rendered":"Reabren la m\u00e1s antigua pir\u00e1mide egipcia en pie"},"content":{"rendered":"<p style=\"text-align: justify\"><b>La pir\u00e1mide del fara\u00f3n Zoser<\/b> ubicada en Saqqara, al sur de El Cairo, con 4,700 a\u00f1os de antig\u00fcedad y considerada la m\u00e1s vieja a\u00fan en pie en Egipto, reabri\u00f3 ayer al p\u00fablico tras varios a\u00f1os de trabajos de restauraci\u00f3n, constat\u00f3 un periodista de la AFP.<\/p>\n<p style=\"text-align: justify\">\u201cReabrimos hoy la pir\u00e1mide m\u00e1s antigua a\u00fan en pie en Egipto, tras su restauraci\u00f3n\u201d, se\u00f1al\u00f3 en esta jornada durante una ceremonia al pie del famoso monumento escalonado, el ministro de Antig\u00fcedades y Turismo <b>Jaled el Enany.<\/b><\/p>\n<p style=\"text-align: justify\">Tambi\u00e9n se trata del \u201cprimer edificio por completo construido en piedra en el mundo\u201d, seg\u00fan afirm\u00f3 el ministro.<\/p>\n<p style=\"text-align: justify\">El proyecto de restauraci\u00f3n de este monumento comenz\u00f3 en 2006, pero fue interrumpido \u201cpor razones de seguridad\u201d en momentos de la revuelta popular de 2011. Las obras se reanudaron en 2013, seg\u00fan <b>Ayman Gamal Edin<\/b>, responsable del proyecto en el ministerio de Antig\u00fcedades.<\/p>\n<p style=\"text-align: justify\">El monto total de los trabajos de restauraci\u00f3n fue de 104 millones de libras egipcias, o sea, unos 6.6 millones de d\u00f3lares, seg\u00fan el gobierno egipcio.<\/p>\n<p style=\"text-align: justify\">Ubicada a unos 20 km al sur de El Cairo, la pir\u00e1mide domina una vasta necr\u00f3polis en la regi\u00f3n de Menfis, que fuera la primera capital egipcia. De unos 60 metros de altura distribuidos en seis pisos, el monumento fue construido alrededor del a\u00f1o 2700 a.C. por el c\u00e9lebre arquitecto Imhotep, encima de una cavidad de 28 metros de profundidad que alberga una tumba en granito rosa.<\/p>\n<p style=\"text-align: justify\">AFP<\/p>\n","protected":false},"excerpt":{"rendered":"<p>La pir\u00e1mide del fara\u00f3n Zoser ubicada en Saqqara, al sur <a href=\"https:\/\/sertv.gob.pa\/crisolfm\/reabren-la-mas-antigua-piramide-egipcia-en-pie\/\"> [&#8230;]<\/a><\/p>\n","protected":false},"author":64,"featured_media":27208,"comment_status":"closed","ping_status":"closed","sticky":false,"template":"","format":"standard","meta":{"footnotes":""},"categories":[6],"tags":[],"class_list":["post-27207","post","type-post","status-publish","format-standard","has-post-thumbnail","hentry","category-culturales"],"_links":{"self":[{"href":"https:\/\/sertv.gob.pa\/crisolfm\/wp-json\/wp\/v2\/posts\/27207","targetHints":{"allow":["GET"]}}],"collection":[{"href":"https:\/\/sertv.gob.pa\/crisolfm\/wp-json\/wp\/v2\/posts"}],"about":[{"href":"https:\/\/sertv.gob.pa\/crisolfm\/wp-json\/wp\/v2\/types\/post"}],"author":[{"embeddable":true,"href":"https:\/\/sertv.gob.pa\/crisolfm\/wp-json\/wp\/v2\/users\/64"}],"replies":[{"embeddable":true,"href":"https:\/\/sertv.gob.pa\/crisolfm\/wp-json\/wp\/v2\/comments?post=27207"}],"version-history":[{"count":1,"href":"https:\/\/sertv.gob.pa\/crisolfm\/wp-json\/wp\/v2\/posts\/27207\/revisions"}],"predecessor-version":[{"id":27209,"href":"https:\/\/sertv.gob.pa\/crisolfm\/wp-json\/wp\/v2\/posts\/27207\/revisions\/27209"}],"wp:featuredmedia":[{"embeddable":true,"href":"https:\/\/sertv.gob.pa\/crisolfm\/wp-json\/wp\/v2\/media\/27208"}],"wp:attachment":[{"href":"https:\/\/sertv.gob.pa\/crisolfm\/wp-json\/wp\/v2\/media?parent=27207"}],"wp:term":[{"taxonomy":"category","embeddable":true,"href":"https:\/\/sertv.gob.pa\/crisolfm\/wp-json\/wp\/v2\/categories?post=27207"},{"taxonomy":"post_tag","embeddable":true,"href":"https:\/\/sertv.gob.pa\/crisolfm\/wp-json\/wp\/v2\/tags?post=27207"}],"curies":[{"name":"wp","href":"https:\/\/api.w.org\/{rel}","templated":true}]}}