{"id":27214,"date":"2020-03-06T13:57:15","date_gmt":"2020-03-06T13:57:15","guid":{"rendered":"https:\/\/sertv.gob.pa\/crisolfm\/?p=27214"},"modified":"2020-03-06T13:57:15","modified_gmt":"2020-03-06T13:57:15","slug":"ambientalistas-urgen-a-mexico-a-proteger-vaquita-marina-tras-restricciones-de-eu","status":"publish","type":"post","link":"https:\/\/sertv.gob.pa\/crisolfm\/ambientalistas-urgen-a-mexico-a-proteger-vaquita-marina-tras-restricciones-de-eu\/","title":{"rendered":"Ambientalistas urgen a M\u00e9xico a proteger vaquita marina tras restricciones de EU"},"content":{"rendered":"<p>Ambientalistas recomendaron este jueves al gobierno de M\u00e9xico tomar \u00abmedidas efectivas\u00bb para proteger a la vaquita marina, si quiere revertir nuevas restricciones de Estados Unidos a la importaci\u00f3n de productos marinos capturados en el h\u00e1bitat de este mam\u00edfero en peligro de extinci\u00f3n.<\/p>\n<p>El Servicio Nacional de Pesca Marina de Estados Unidos (NMFS por sus siglas en ingl\u00e9s) anunci\u00f3 esta semana una ampliaci\u00f3n en la prohibici\u00f3n de importaciones de camarones y otros productos marinos procedentes del Alto Golfo de California, h\u00e1bitat natural de la vaquita.<\/p>\n<p>La medida busca principalmente detener el uso de redes de enmalle que pueden enredar, ahogar y matar a esta marsopa end\u00e9mica de esta regi\u00f3n del noroeste de M\u00e9xico.<\/p>\n<p>\u201cSi M\u00e9xico quiere eliminar esta prohibici\u00f3n de importaci\u00f3n, entonces tiene todav\u00eda que implementar y comprobar que est\u00e1 ejecutando medidas efectivas para conservar a la vaquita, y equiparables a la ley de protecci\u00f3n a los mam\u00edferos marinos de Estados Unidos\u201d, dijo a la<strong> AFP <\/strong>Alejandro Olivera, representante en M\u00e9xico de la organizaci\u00f3n Center for Biological Diversity.<\/p>\n<p>Olivera afirm\u00f3 que el gobierno mexicano no ha logrado implementar pol\u00edticas p\u00fablicas que protejan a la vaquita marina, de unos 150 cms de largo y menos de 50 kilos.<\/p>\n<p>\u00abPor ello el gobierno estadounidense decidi\u00f3 implementar esta sanci\u00f3n que ahora se ampl\u00eda\u00bb, explic\u00f3.<\/p>\n<p>La medida se tom\u00f3 justamente en vistas a la Ley de Protecci\u00f3n de Mam\u00edferos Marinos (MMPA por sus siglas en ingl\u00e9s), que faculta al gobierno estadounidense a prohibir la importaci\u00f3n de productos del mar capturados con artes de pesca que maten mam\u00edferos marinos y excedan las previsiones de sus normas.<\/p>\n<p>AFP<\/p>\n","protected":false},"excerpt":{"rendered":"<p>Ambientalistas recomendaron este jueves al gobierno de M\u00e9xico tomar \u00abmedidas <a href=\"https:\/\/sertv.gob.pa\/crisolfm\/ambientalistas-urgen-a-mexico-a-proteger-vaquita-marina-tras-restricciones-de-eu\/\"> [&#8230;]<\/a><\/p>\n","protected":false},"author":64,"featured_media":27217,"comment_status":"closed","ping_status":"closed","sticky":false,"template":"","format":"standard","meta":{"footnotes":""},"categories":[7],"tags":[],"class_list":["post-27214","post","type-post","status-publish","format-standard","has-post-thumbnail","hentry","category-ecologicas"],"_links":{"self":[{"href":"https:\/\/sertv.gob.pa\/crisolfm\/wp-json\/wp\/v2\/posts\/27214","targetHints":{"allow":["GET"]}}],"collection":[{"href":"https:\/\/sertv.gob.pa\/crisolfm\/wp-json\/wp\/v2\/posts"}],"about":[{"href":"https:\/\/sertv.gob.pa\/crisolfm\/wp-json\/wp\/v2\/types\/post"}],"author":[{"embeddable":true,"href":"https:\/\/sertv.gob.pa\/crisolfm\/wp-json\/wp\/v2\/users\/64"}],"replies":[{"embeddable":true,"href":"https:\/\/sertv.gob.pa\/crisolfm\/wp-json\/wp\/v2\/comments?post=27214"}],"version-history":[{"count":1,"href":"https:\/\/sertv.gob.pa\/crisolfm\/wp-json\/wp\/v2\/posts\/27214\/revisions"}],"predecessor-version":[{"id":27218,"href":"https:\/\/sertv.gob.pa\/crisolfm\/wp-json\/wp\/v2\/posts\/27214\/revisions\/27218"}],"wp:featuredmedia":[{"embeddable":true,"href":"https:\/\/sertv.gob.pa\/crisolfm\/wp-json\/wp\/v2\/media\/27217"}],"wp:attachment":[{"href":"https:\/\/sertv.gob.pa\/crisolfm\/wp-json\/wp\/v2\/media?parent=27214"}],"wp:term":[{"taxonomy":"category","embeddable":true,"href":"https:\/\/sertv.gob.pa\/crisolfm\/wp-json\/wp\/v2\/categories?post=27214"},{"taxonomy":"post_tag","embeddable":true,"href":"https:\/\/sertv.gob.pa\/crisolfm\/wp-json\/wp\/v2\/tags?post=27214"}],"curies":[{"name":"wp","href":"https:\/\/api.w.org\/{rel}","templated":true}]}}