{"id":27222,"date":"2020-03-06T14:17:54","date_gmt":"2020-03-06T14:17:54","guid":{"rendered":"https:\/\/sertv.gob.pa\/crisolfm\/?p=27222"},"modified":"2020-03-06T14:17:54","modified_gmt":"2020-03-06T14:17:54","slug":"iglesia-mexicana-cubre-figuras-femeninas-para-resaltar-la-violencia-contra-las-mujeres","status":"publish","type":"post","link":"https:\/\/sertv.gob.pa\/crisolfm\/iglesia-mexicana-cubre-figuras-femeninas-para-resaltar-la-violencia-contra-las-mujeres\/","title":{"rendered":"Iglesia mexicana cubre figuras femeninas para resaltar la violencia contra las mujeres"},"content":{"rendered":"<p>Las im\u00e1genes de la virgen Mar\u00eda y de santas de una parroquia de la Ciudad de M\u00e9xico fueron cubiertas con mantas moradas con la intenci\u00f3n de llamar la atenci\u00f3n sobre la violencia que sufren las mujeres, aunque un representante de la Iglesia cat\u00f3lica aclar\u00f3 que no apoya la demanda del derecho al aborto.<\/p>\n<p>La iglesia San Cosme y San Dami\u00e1n, ubicada en un c\u00e9ntrico barrio de la capital, decidi\u00f3 retomar la tradici\u00f3n cat\u00f3lica de cubrir en Cuaresma todas las im\u00e1genes y esculturas religiosas con mantas moradas, pero haci\u00e9ndolo este a\u00f1o solo con las figuras femeninas.<\/p>\n<p>\u00abSe cubren para que nuestra atenci\u00f3n se centre en lo que est\u00e1 sucediendo con la mujer\u00bb en M\u00e9xico, dijo a la AFP, Jos\u00e9 de Jes\u00fas Aguilar Valdez, subdirector de radio y televisi\u00f3n del Arzobispado de M\u00e9xico.<\/p>\n<p>Dentro de la Iglesia \u00abhay machismo, hay discriminaci\u00f3n hacia las mujeres, dentro de la Iglesia hay omisiones hacia la mujer y dentro de la Iglesia hay una educaci\u00f3n que no siempre permite que las mujeres puedan enfrentar este problema\u00bb, dijo Aguilar.<\/p>\n<p>El sacerdote aclar\u00f3 sin embargo que est\u00e1 expresi\u00f3n no tiene ninguna filiaci\u00f3n pol\u00edtica.<\/p>\n<p>\u00abNo sigue ninguna marcha en favor del aborto y ning\u00fan grupo, es simplemente una toma de conciencia para una transformaci\u00f3n de lo que est\u00e1 pasando en nuestra sociedad\u00bb, indic\u00f3 al se\u00f1alar que las mujeres que trabajan en la parroquia se unir\u00e1n al gran paro de mujeres el lunes pr\u00f3ximo.<\/p>\n<p>Las mujeres mexicanas se alistan para marchas multitudinarias el domingo 8 de marzo en diferentes ciudades del pa\u00eds y para la jornada del 9 de marzo de #Und\u00edasinnosotras.<\/p>\n<p>Entre 2015 y 2016, los feminicidios escalaron en M\u00e9xico un 136% y recientemente dos asesinatos brutales en la Ciudad de M\u00e9xico de una joven de 25 a\u00f1os apu\u00f1alada y desollada por su pareja, y de una ni\u00f1a de siete a\u00f1os, v\u00edctima de abuso sexual y luego asesinada, conmocionaron a la opini\u00f3n p\u00fablica.<\/p>\n<p>AFP<\/p>\n","protected":false},"excerpt":{"rendered":"<p>Las im\u00e1genes de la virgen Mar\u00eda y de santas de <a href=\"https:\/\/sertv.gob.pa\/crisolfm\/iglesia-mexicana-cubre-figuras-femeninas-para-resaltar-la-violencia-contra-las-mujeres\/\"> [&#8230;]<\/a><\/p>\n","protected":false},"author":64,"featured_media":27223,"comment_status":"closed","ping_status":"closed","sticky":false,"template":"","format":"standard","meta":{"footnotes":""},"categories":[6],"tags":[],"class_list":["post-27222","post","type-post","status-publish","format-standard","has-post-thumbnail","hentry","category-culturales"],"_links":{"self":[{"href":"https:\/\/sertv.gob.pa\/crisolfm\/wp-json\/wp\/v2\/posts\/27222","targetHints":{"allow":["GET"]}}],"collection":[{"href":"https:\/\/sertv.gob.pa\/crisolfm\/wp-json\/wp\/v2\/posts"}],"about":[{"href":"https:\/\/sertv.gob.pa\/crisolfm\/wp-json\/wp\/v2\/types\/post"}],"author":[{"embeddable":true,"href":"https:\/\/sertv.gob.pa\/crisolfm\/wp-json\/wp\/v2\/users\/64"}],"replies":[{"embeddable":true,"href":"https:\/\/sertv.gob.pa\/crisolfm\/wp-json\/wp\/v2\/comments?post=27222"}],"version-history":[{"count":1,"href":"https:\/\/sertv.gob.pa\/crisolfm\/wp-json\/wp\/v2\/posts\/27222\/revisions"}],"predecessor-version":[{"id":27224,"href":"https:\/\/sertv.gob.pa\/crisolfm\/wp-json\/wp\/v2\/posts\/27222\/revisions\/27224"}],"wp:featuredmedia":[{"embeddable":true,"href":"https:\/\/sertv.gob.pa\/crisolfm\/wp-json\/wp\/v2\/media\/27223"}],"wp:attachment":[{"href":"https:\/\/sertv.gob.pa\/crisolfm\/wp-json\/wp\/v2\/media?parent=27222"}],"wp:term":[{"taxonomy":"category","embeddable":true,"href":"https:\/\/sertv.gob.pa\/crisolfm\/wp-json\/wp\/v2\/categories?post=27222"},{"taxonomy":"post_tag","embeddable":true,"href":"https:\/\/sertv.gob.pa\/crisolfm\/wp-json\/wp\/v2\/tags?post=27222"}],"curies":[{"name":"wp","href":"https:\/\/api.w.org\/{rel}","templated":true}]}}