{"id":27225,"date":"2020-03-06T14:21:31","date_gmt":"2020-03-06T14:21:31","guid":{"rendered":"https:\/\/sertv.gob.pa\/crisolfm\/?p=27225"},"modified":"2020-03-06T14:21:31","modified_gmt":"2020-03-06T14:21:31","slug":"postergan-la-ceremonia-de-los-oscar-de-bollywood-en-india-por-el-coronavirus","status":"publish","type":"post","link":"https:\/\/sertv.gob.pa\/crisolfm\/postergan-la-ceremonia-de-los-oscar-de-bollywood-en-india-por-el-coronavirus\/","title":{"rendered":"Postergan la ceremonia de los \u201c\u00d3scar\u201d de Bollywood en India por el coronavirus"},"content":{"rendered":"<p>La industria del cine indio anunci\u00f3 este viernes la postergaci\u00f3n de su ceremonia de entrega de premios a los mejores filmes y actores del a\u00f1o, equivalente a los \u00ab\u00d3scar\u00bb para Bollywood, debido a la epidemia de coronavirus.<\/p>\n<p>Los organizadores de la ceremonia de la International Indian Film Academy (IIFA), prevista para el 27 de marzo en Indore (centro de India), indicaron en un comunicado que la aplazaban \u00aba ra\u00edz de las crecientes preocupaciones por la propagaci\u00f3n de la covid-19 y para preservar la salud y seguridad de los seguidores del IIFA\u00bb.<\/p>\n<p>AFP<\/p>\n","protected":false},"excerpt":{"rendered":"<p>La industria del cine indio anunci\u00f3 este viernes la postergaci\u00f3n <a href=\"https:\/\/sertv.gob.pa\/crisolfm\/postergan-la-ceremonia-de-los-oscar-de-bollywood-en-india-por-el-coronavirus\/\"> [&#8230;]<\/a><\/p>\n","protected":false},"author":64,"featured_media":27226,"comment_status":"closed","ping_status":"closed","sticky":false,"template":"","format":"standard","meta":{"footnotes":""},"categories":[6],"tags":[],"class_list":["post-27225","post","type-post","status-publish","format-standard","has-post-thumbnail","hentry","category-culturales"],"_links":{"self":[{"href":"https:\/\/sertv.gob.pa\/crisolfm\/wp-json\/wp\/v2\/posts\/27225","targetHints":{"allow":["GET"]}}],"collection":[{"href":"https:\/\/sertv.gob.pa\/crisolfm\/wp-json\/wp\/v2\/posts"}],"about":[{"href":"https:\/\/sertv.gob.pa\/crisolfm\/wp-json\/wp\/v2\/types\/post"}],"author":[{"embeddable":true,"href":"https:\/\/sertv.gob.pa\/crisolfm\/wp-json\/wp\/v2\/users\/64"}],"replies":[{"embeddable":true,"href":"https:\/\/sertv.gob.pa\/crisolfm\/wp-json\/wp\/v2\/comments?post=27225"}],"version-history":[{"count":1,"href":"https:\/\/sertv.gob.pa\/crisolfm\/wp-json\/wp\/v2\/posts\/27225\/revisions"}],"predecessor-version":[{"id":27227,"href":"https:\/\/sertv.gob.pa\/crisolfm\/wp-json\/wp\/v2\/posts\/27225\/revisions\/27227"}],"wp:featuredmedia":[{"embeddable":true,"href":"https:\/\/sertv.gob.pa\/crisolfm\/wp-json\/wp\/v2\/media\/27226"}],"wp:attachment":[{"href":"https:\/\/sertv.gob.pa\/crisolfm\/wp-json\/wp\/v2\/media?parent=27225"}],"wp:term":[{"taxonomy":"category","embeddable":true,"href":"https:\/\/sertv.gob.pa\/crisolfm\/wp-json\/wp\/v2\/categories?post=27225"},{"taxonomy":"post_tag","embeddable":true,"href":"https:\/\/sertv.gob.pa\/crisolfm\/wp-json\/wp\/v2\/tags?post=27225"}],"curies":[{"name":"wp","href":"https:\/\/api.w.org\/{rel}","templated":true}]}}