{"id":27243,"date":"2020-03-09T13:35:09","date_gmt":"2020-03-09T13:35:09","guid":{"rendered":"https:\/\/sertv.gob.pa\/crisolfm\/?p=27243"},"modified":"2020-03-09T13:35:09","modified_gmt":"2020-03-09T13:35:09","slug":"micultura-integrara-a-santa-ana-y-el-chorrillo-en-plan-maestro-del-casco-antiguo","status":"publish","type":"post","link":"https:\/\/sertv.gob.pa\/crisolfm\/micultura-integrara-a-santa-ana-y-el-chorrillo-en-plan-maestro-del-casco-antiguo\/","title":{"rendered":"MiCultura integrar\u00e1 a Santa Ana y El Chorrillo en Plan Maestro del Casco Antiguo"},"content":{"rendered":"<p>El Ministerio de Cultura presentar\u00e1 en los pr\u00f3ximos meses un Plan Maestro para el Casco Antiguo que contar\u00e1 con una serie de componentes destinados a la reactivaci\u00f3n econ\u00f3mica y tur\u00edstica del centro hist\u00f3rico de la ciudad de Panam\u00e1.<\/p>\n<p>Durante la participaci\u00f3n del ministro de Cultura, Carlos Aguilar Navarro, en el s\u00e9ptimo gabinete tur\u00edstico del Buen Gobierno del presidente Laurentino Cortizo Cohen, el titular explic\u00f3 que la puesta en marcha de este Plan Maestro incluir\u00e1 la adecuaci\u00f3n del sitio y su relaci\u00f3n con el resto del centro hist\u00f3rico, con las \u00e1reas aleda\u00f1as de Santa Ana y El Chorrillo, \u201cque deben formar parte del \u00e9xito econ\u00f3mico y tur\u00edstico que ya representa San Felipe\u201d.<\/p>\n<p>Adem\u00e1s, en la reuni\u00f3n interinstitucional, se explicaron los avances logrados a trav\u00e9s de la Mesa Consultiva del Casco Antiguo, donde participan instituciones del \u00d3rgano Ejecutivo y gobiernos locales, as\u00ed como representantes de la comunidad en temas como vivienda social, movilidad, seguridad, y medioambiente y saneamiento.<\/p>\n<p>Como parte de estos avances, se confirm\u00f3 el inicio en Casco Antiguo del programa \u00abRecicla por tu Futuro\u00bb gestionado por ANCON con aliados p\u00fablicos y privados, y la participaci\u00f3n del Ministerio de Cultura y la Autoridad de Aseo Urbano y Domiciliario.<\/p>\n<p>Fernando D\u00edaz Jaramillo, director de la Oficina del Casto Antiguo (OCA) del MiCultura, inform\u00f3 que durante el a\u00f1o 2020 ejecutar\u00e1 un programa de consolidaci\u00f3n primaria del Convento de Santo Domingo, el Baluarte Mano Tigre, la Compa\u00f1\u00eda de Jes\u00fas y el Complejo de la Plaza de Francia, Las B\u00f3vedas y el Paseo Esteban Huertas, el cual terminar\u00e1 con un plan de mantenimiento permanente que evite que se vuelvan a deteriorar estos bienes.<\/p>\n<p>&nbsp;<\/p>\n","protected":false},"excerpt":{"rendered":"<p>El Ministerio de Cultura presentar\u00e1 en los pr\u00f3ximos meses un <a href=\"https:\/\/sertv.gob.pa\/crisolfm\/micultura-integrara-a-santa-ana-y-el-chorrillo-en-plan-maestro-del-casco-antiguo\/\"> [&#8230;]<\/a><\/p>\n","protected":false},"author":64,"featured_media":27245,"comment_status":"closed","ping_status":"closed","sticky":false,"template":"","format":"standard","meta":{"footnotes":""},"categories":[6],"tags":[],"class_list":["post-27243","post","type-post","status-publish","format-standard","has-post-thumbnail","hentry","category-culturales"],"_links":{"self":[{"href":"https:\/\/sertv.gob.pa\/crisolfm\/wp-json\/wp\/v2\/posts\/27243","targetHints":{"allow":["GET"]}}],"collection":[{"href":"https:\/\/sertv.gob.pa\/crisolfm\/wp-json\/wp\/v2\/posts"}],"about":[{"href":"https:\/\/sertv.gob.pa\/crisolfm\/wp-json\/wp\/v2\/types\/post"}],"author":[{"embeddable":true,"href":"https:\/\/sertv.gob.pa\/crisolfm\/wp-json\/wp\/v2\/users\/64"}],"replies":[{"embeddable":true,"href":"https:\/\/sertv.gob.pa\/crisolfm\/wp-json\/wp\/v2\/comments?post=27243"}],"version-history":[{"count":1,"href":"https:\/\/sertv.gob.pa\/crisolfm\/wp-json\/wp\/v2\/posts\/27243\/revisions"}],"predecessor-version":[{"id":27246,"href":"https:\/\/sertv.gob.pa\/crisolfm\/wp-json\/wp\/v2\/posts\/27243\/revisions\/27246"}],"wp:featuredmedia":[{"embeddable":true,"href":"https:\/\/sertv.gob.pa\/crisolfm\/wp-json\/wp\/v2\/media\/27245"}],"wp:attachment":[{"href":"https:\/\/sertv.gob.pa\/crisolfm\/wp-json\/wp\/v2\/media?parent=27243"}],"wp:term":[{"taxonomy":"category","embeddable":true,"href":"https:\/\/sertv.gob.pa\/crisolfm\/wp-json\/wp\/v2\/categories?post=27243"},{"taxonomy":"post_tag","embeddable":true,"href":"https:\/\/sertv.gob.pa\/crisolfm\/wp-json\/wp\/v2\/tags?post=27243"}],"curies":[{"name":"wp","href":"https:\/\/api.w.org\/{rel}","templated":true}]}}