{"id":27250,"date":"2020-03-09T14:10:31","date_gmt":"2020-03-09T14:10:31","guid":{"rendered":"https:\/\/sertv.gob.pa\/crisolfm\/?p=27250"},"modified":"2020-03-09T14:10:31","modified_gmt":"2020-03-09T14:10:31","slug":"panama-cello-fest-2020","status":"publish","type":"post","link":"https:\/\/sertv.gob.pa\/crisolfm\/panama-cello-fest-2020\/","title":{"rendered":"Panam\u00e1 Cello Fest 2020"},"content":{"rendered":"<p style=\"text-align: justify\"><b>El Panam\u00e1 Cello Fest 2020<\/b> cuenta con una programaci\u00f3n de conciertos de entrada libre en los que participar\u00e1n artistas de Canad\u00e1, Colombia, Corea del Sur, Estados Unidos, Jap\u00f3n, Polonia, Uruguay y Panam\u00e1. La agenda se realizar\u00e1 durante toda la semana a partir de hoy 9 de marzo.<\/p>\n<p style=\"text-align: justify\">La iglesia San Felipe Neri, en el Casco Antiguo, acoger\u00e1 el espect\u00e1culo de violonchelos de hoy desde las 7:30 p.m., una noche barroca con David Escobar (Colombia, violonchelo) y Carlos Betancur (Colombia, \u00f3rgano).<\/p>\n<p style=\"text-align: justify\">Balboa Union Church, la iglesia San Jos\u00e9 y la Biblioteca Nacional Ernesto J. Castillero (Binal), ser\u00e1n las sedes del resto de los conciertos. Ayer fue la primera presentaci\u00f3n del festival en la Biblioteca de Boquete, Chiriqu\u00ed.<\/p>\n<p style=\"text-align: justify\">Adem\u00e1s de los colombianos Escobar y Betancur, el Panam\u00e1 Cello Fest contar\u00e1 con las notas de los coreanos Minna Rose Chung, Sinmyung Min y Youngjin Yun; los estadounidenses Steven Thomas y Jonathan Helton; la uruguaya Mariana Airaudo, la canadiense Judith Kehler Siebert, la polaca Anna Majcherczyk, la japonesa Yumiko Tokumoto y los paname\u00f1os Isaac Casal, Graciela N\u00fa\u00f1ez, Carlos Camacho e Indira Rodr\u00edguez.<\/p>\n<p style=\"text-align: justify\"><b>Agenda de conciertos<\/b><\/p>\n<p style=\"text-align: justify\">9 de marzo: Iglesia San Felipe Neri. 7:30 p.m.<\/p>\n<p style=\"text-align: justify\">10 de marzo: Balboa Union Church. 7:30 p.m.<\/p>\n<p style=\"text-align: justify\">11 de marzo: Iglesia San Jos\u00e9. 7:30 p.m.<\/p>\n<p style=\"text-align: justify\">12 de marzo: Balboa Union Church. 7:30 p.m.<\/p>\n<p style=\"text-align: justify\">13 de marzo: Balboa Union Church. 7:30 p.m.<\/p>\n<p style=\"text-align: justify\">14 de marzo: Biblioteca Nacional. 3:00 p.m<\/p>\n<p style=\"text-align: justify\">\n","protected":false},"excerpt":{"rendered":"<p>El Panam\u00e1 Cello Fest 2020 cuenta con una programaci\u00f3n de <a href=\"https:\/\/sertv.gob.pa\/crisolfm\/panama-cello-fest-2020\/\"> [&#8230;]<\/a><\/p>\n","protected":false},"author":64,"featured_media":27251,"comment_status":"closed","ping_status":"closed","sticky":false,"template":"","format":"standard","meta":{"footnotes":""},"categories":[6],"tags":[],"class_list":["post-27250","post","type-post","status-publish","format-standard","has-post-thumbnail","hentry","category-culturales"],"_links":{"self":[{"href":"https:\/\/sertv.gob.pa\/crisolfm\/wp-json\/wp\/v2\/posts\/27250","targetHints":{"allow":["GET"]}}],"collection":[{"href":"https:\/\/sertv.gob.pa\/crisolfm\/wp-json\/wp\/v2\/posts"}],"about":[{"href":"https:\/\/sertv.gob.pa\/crisolfm\/wp-json\/wp\/v2\/types\/post"}],"author":[{"embeddable":true,"href":"https:\/\/sertv.gob.pa\/crisolfm\/wp-json\/wp\/v2\/users\/64"}],"replies":[{"embeddable":true,"href":"https:\/\/sertv.gob.pa\/crisolfm\/wp-json\/wp\/v2\/comments?post=27250"}],"version-history":[{"count":1,"href":"https:\/\/sertv.gob.pa\/crisolfm\/wp-json\/wp\/v2\/posts\/27250\/revisions"}],"predecessor-version":[{"id":27252,"href":"https:\/\/sertv.gob.pa\/crisolfm\/wp-json\/wp\/v2\/posts\/27250\/revisions\/27252"}],"wp:featuredmedia":[{"embeddable":true,"href":"https:\/\/sertv.gob.pa\/crisolfm\/wp-json\/wp\/v2\/media\/27251"}],"wp:attachment":[{"href":"https:\/\/sertv.gob.pa\/crisolfm\/wp-json\/wp\/v2\/media?parent=27250"}],"wp:term":[{"taxonomy":"category","embeddable":true,"href":"https:\/\/sertv.gob.pa\/crisolfm\/wp-json\/wp\/v2\/categories?post=27250"},{"taxonomy":"post_tag","embeddable":true,"href":"https:\/\/sertv.gob.pa\/crisolfm\/wp-json\/wp\/v2\/tags?post=27250"}],"curies":[{"name":"wp","href":"https:\/\/api.w.org\/{rel}","templated":true}]}}