{"id":27269,"date":"2020-03-09T14:55:47","date_gmt":"2020-03-09T14:55:47","guid":{"rendered":"https:\/\/sertv.gob.pa\/crisolfm\/?p=27269"},"modified":"2020-03-09T14:55:47","modified_gmt":"2020-03-09T14:55:47","slug":"nueve-anos-despues-de-fukushima-y-el-peligro-sigue-latente","status":"publish","type":"post","link":"https:\/\/sertv.gob.pa\/crisolfm\/nueve-anos-despues-de-fukushima-y-el-peligro-sigue-latente\/","title":{"rendered":"Nueve a\u00f1os despu\u00e9s de Fukushima y el peligro sigue \u2018latente\u2019"},"content":{"rendered":"<p><strong>La central de Fukushima Daiichi<\/strong> sigue siendo una amenaza nueve a\u00f1os despu\u00e9s del accidente: casi todo el combustible sigue all\u00ed y necesitar\u00e1 refrigeraci\u00f3n durante a\u00f1os; probablemente de nuevo se verter\u00e1 agua radiactiva al mar; los residuos radiactivos de la limpieza se acumulan en la zona; los habitantes evacuados se ven forzados por su propio gobierno a regresar. Y para taparlo todo\u2026 las Olimpiadas arrancan a solo 20 km de la zona cero.<\/p>\n<p>Los trabajos de descontaminaci\u00f3n avanzan muy lentamente. Siguen all\u00ed las 880 toneladas de combustible nuclear fundido y empiezan a manifestarse dudas de que puedan retirarse completamente alg\u00fan d\u00eda, lo que exigir\u00eda encerrar los reactores en un sarc\u00f3fago.<\/p>\n<p>Mientras el combustible est\u00e9 ah\u00ed, hay que mantener un flujo de agua para refrigerarlo, pero adem\u00e1s penetran <strong>aguas subterr\u00e1neas<\/strong>, y esto crea un grav\u00edsimo problema porque el agua se convierte en radiactiva y hay que almacenarla. Es un residuo peligroso y muy voluminoso, supera ya los 1,12 millones de metros c\u00fabicos.<\/p>\n<p>Se mantiene en enormes tanques de 1000 m\u00b3, pero al ritmo de entrada de agua en los reactores, 170 m\u00b3\/d\u00eda en 2018, se necesita un nuevo tanque cada seis d\u00edas.\u00a0 Y se est\u00e1n quedando sin espacio.<\/p>\n<p>Para reducir la radiactividad del agua se somete a un proceso de eliminaci\u00f3n de materiales radiactivos, de manera que solo quede tritio, puesto que es imposible de separar y su vida media no es larga (12,3 a\u00f1os).<\/p>\n<p>Con estas condiciones, las autoridades japonesas, con el apoyo del <strong>Organismo Internacional de Energ\u00eda At\u00f3mica (OIEA)<\/strong>, consideran que puede verterse al mar.\u00a0 En septiembre de 2015 se arrojaron 800 toneladas al Oc\u00e9ano Pac\u00edfico. Pero la prensa japonesa destap\u00f3 en 2018 los fallos de ese proceso.<\/p>\n<p>ECOticias<\/p>\n","protected":false},"excerpt":{"rendered":"<p>La central de Fukushima Daiichi sigue siendo una amenaza nueve <a href=\"https:\/\/sertv.gob.pa\/crisolfm\/nueve-anos-despues-de-fukushima-y-el-peligro-sigue-latente\/\"> [&#8230;]<\/a><\/p>\n","protected":false},"author":64,"featured_media":27270,"comment_status":"closed","ping_status":"closed","sticky":false,"template":"","format":"standard","meta":{"footnotes":""},"categories":[7],"tags":[],"class_list":["post-27269","post","type-post","status-publish","format-standard","has-post-thumbnail","hentry","category-ecologicas"],"_links":{"self":[{"href":"https:\/\/sertv.gob.pa\/crisolfm\/wp-json\/wp\/v2\/posts\/27269","targetHints":{"allow":["GET"]}}],"collection":[{"href":"https:\/\/sertv.gob.pa\/crisolfm\/wp-json\/wp\/v2\/posts"}],"about":[{"href":"https:\/\/sertv.gob.pa\/crisolfm\/wp-json\/wp\/v2\/types\/post"}],"author":[{"embeddable":true,"href":"https:\/\/sertv.gob.pa\/crisolfm\/wp-json\/wp\/v2\/users\/64"}],"replies":[{"embeddable":true,"href":"https:\/\/sertv.gob.pa\/crisolfm\/wp-json\/wp\/v2\/comments?post=27269"}],"version-history":[{"count":1,"href":"https:\/\/sertv.gob.pa\/crisolfm\/wp-json\/wp\/v2\/posts\/27269\/revisions"}],"predecessor-version":[{"id":27271,"href":"https:\/\/sertv.gob.pa\/crisolfm\/wp-json\/wp\/v2\/posts\/27269\/revisions\/27271"}],"wp:featuredmedia":[{"embeddable":true,"href":"https:\/\/sertv.gob.pa\/crisolfm\/wp-json\/wp\/v2\/media\/27270"}],"wp:attachment":[{"href":"https:\/\/sertv.gob.pa\/crisolfm\/wp-json\/wp\/v2\/media?parent=27269"}],"wp:term":[{"taxonomy":"category","embeddable":true,"href":"https:\/\/sertv.gob.pa\/crisolfm\/wp-json\/wp\/v2\/categories?post=27269"},{"taxonomy":"post_tag","embeddable":true,"href":"https:\/\/sertv.gob.pa\/crisolfm\/wp-json\/wp\/v2\/tags?post=27269"}],"curies":[{"name":"wp","href":"https:\/\/api.w.org\/{rel}","templated":true}]}}