{"id":27275,"date":"2020-03-09T15:04:14","date_gmt":"2020-03-09T15:04:14","guid":{"rendered":"https:\/\/sertv.gob.pa\/crisolfm\/?p=27275"},"modified":"2020-03-09T15:04:14","modified_gmt":"2020-03-09T15:04:14","slug":"25-de-marzo-concierto-solidario-en-barcelona-para-sensibilizar-contra-el-cambio-climatico","status":"publish","type":"post","link":"https:\/\/sertv.gob.pa\/crisolfm\/25-de-marzo-concierto-solidario-en-barcelona-para-sensibilizar-contra-el-cambio-climatico\/","title":{"rendered":"25 de marzo, concierto solidario en Barcelona para sensibilizar contra el cambio clim\u00e1tico"},"content":{"rendered":"<p>Barcelona ser\u00e1 la sede de un concierto solidario de AGUAS Trio\u00a0<a href=\"https:\/\/www.horadelplaneta.es\/23501-2\/\" target=\"_blank\" rel=\"noopener\">con motivo de\u00a0La Hora del Planeta\u00a0<\/a>el pr\u00f3ximo 25 de marzo, en la sala Barts a las 20.30h.\u00a0La banda, que mezcla melod\u00edas afrocubanas con m\u00fasica cl\u00e1sica y jazz, est\u00e1 formada por el pianista cubano Omar Sosa, <strong>la cantante y violinista cubana Yilian Ca\u00f1izares<\/strong>, y el venezolano Gustavo Ovallesa a la percusi\u00f3n.<\/p>\n<p>La recaudaci\u00f3n de las entradas de este concierto se destinar\u00e1 \u00edntegramente a apoyar el movimiento ambiental de la historia, La Hora del Planeta. En palabras de\u00a0Omar Sosa: \u201cEs un orgullo y un honor poder colaborar con la organizaci\u00f3n WWF en una causa que cada d\u00eda es m\u00e1s evidente y necesaria,\u00a0la urgencia en adoptar medidas sobre los efectos reales del cambio clim\u00e1tico.<\/p>\n<p>El concierto tendr\u00e1 lugar 3 d\u00edas antes de <strong>La Hora del Planeta<\/strong>, que se celebra el s\u00e1bado 28 de marzo a las 20.30 horas, cuando millones de personas en el mundo apagar\u00e1n las luces durante una hora.<\/p>\n<p>Con este gesto simb\u00f3lico, que empez\u00f3 en nuestro pa\u00eds hace 13 a\u00f1os, estamos sensibilizando sobre la emergencia planetaria que actualmente vivimos; la constante degradaci\u00f3n del mundo natural pone en serio riesgo la vida humana y la econom\u00eda mundial.<\/p>\n<p>Cabe recordar que, adem\u00e1s,\u00a02020 es un a\u00f1o decisivo para adoptar medidas pol\u00edticas que reviertan la p\u00e9rdida de biodiversidad y <strong>el cambio clim\u00e1tico<\/strong>.<\/p>\n<p>ECOticias<\/p>\n<p>&nbsp;<\/p>\n<p>&nbsp;<\/p>\n","protected":false},"excerpt":{"rendered":"<p>Barcelona ser\u00e1 la sede de un concierto solidario de AGUAS <a href=\"https:\/\/sertv.gob.pa\/crisolfm\/25-de-marzo-concierto-solidario-en-barcelona-para-sensibilizar-contra-el-cambio-climatico\/\"> [&#8230;]<\/a><\/p>\n","protected":false},"author":64,"featured_media":27276,"comment_status":"closed","ping_status":"closed","sticky":false,"template":"","format":"standard","meta":{"footnotes":""},"categories":[7],"tags":[],"class_list":["post-27275","post","type-post","status-publish","format-standard","has-post-thumbnail","hentry","category-ecologicas"],"_links":{"self":[{"href":"https:\/\/sertv.gob.pa\/crisolfm\/wp-json\/wp\/v2\/posts\/27275","targetHints":{"allow":["GET"]}}],"collection":[{"href":"https:\/\/sertv.gob.pa\/crisolfm\/wp-json\/wp\/v2\/posts"}],"about":[{"href":"https:\/\/sertv.gob.pa\/crisolfm\/wp-json\/wp\/v2\/types\/post"}],"author":[{"embeddable":true,"href":"https:\/\/sertv.gob.pa\/crisolfm\/wp-json\/wp\/v2\/users\/64"}],"replies":[{"embeddable":true,"href":"https:\/\/sertv.gob.pa\/crisolfm\/wp-json\/wp\/v2\/comments?post=27275"}],"version-history":[{"count":1,"href":"https:\/\/sertv.gob.pa\/crisolfm\/wp-json\/wp\/v2\/posts\/27275\/revisions"}],"predecessor-version":[{"id":27277,"href":"https:\/\/sertv.gob.pa\/crisolfm\/wp-json\/wp\/v2\/posts\/27275\/revisions\/27277"}],"wp:featuredmedia":[{"embeddable":true,"href":"https:\/\/sertv.gob.pa\/crisolfm\/wp-json\/wp\/v2\/media\/27276"}],"wp:attachment":[{"href":"https:\/\/sertv.gob.pa\/crisolfm\/wp-json\/wp\/v2\/media?parent=27275"}],"wp:term":[{"taxonomy":"category","embeddable":true,"href":"https:\/\/sertv.gob.pa\/crisolfm\/wp-json\/wp\/v2\/categories?post=27275"},{"taxonomy":"post_tag","embeddable":true,"href":"https:\/\/sertv.gob.pa\/crisolfm\/wp-json\/wp\/v2\/tags?post=27275"}],"curies":[{"name":"wp","href":"https:\/\/api.w.org\/{rel}","templated":true}]}}