{"id":27278,"date":"2020-03-09T16:12:32","date_gmt":"2020-03-09T16:12:32","guid":{"rendered":"https:\/\/sertv.gob.pa\/crisolfm\/?p=27278"},"modified":"2020-03-09T16:12:32","modified_gmt":"2020-03-09T16:12:32","slug":"nestle-reducira-notablemente-plasticos-virgenes-para-2025","status":"publish","type":"post","link":"https:\/\/sertv.gob.pa\/crisolfm\/nestle-reducira-notablemente-plasticos-virgenes-para-2025\/","title":{"rendered":"Nestl\u00e9 reducir\u00e1 notablemente pl\u00e1sticos v\u00edrgenes para 2025"},"content":{"rendered":"<p>En los \u00faltimos cincuenta a\u00f1os, <strong>el uso de pl\u00e1sticos<\/strong> ha aumentado de forma dram\u00e1tica. Ha brindado enormes beneficios, pero los costos son claros.<\/p>\n<p>El Pacto Europeo del Pl\u00e1stico, iniciado por Francia y los Pa\u00edses Bajos, tiene un objetivo \u00fanico: acelerar la transici\u00f3n hacia una econom\u00eda circular del pl\u00e1stico. Adem\u00e1s, supondr\u00e1 detener la dependencia exclusiva a los pl\u00e1sticos v\u00edrgenes (pl\u00e1sticos hechos de combustibles f\u00f3siles no renovables). El Pacto re\u00fane a empresas l\u00edderes, as\u00ed como a ONG y gobiernos, que se comprometen a cumplir objetivos comunes para 2025 e ir m\u00e1s all\u00e1 de la legislaci\u00f3n vigente. Estos objetivos europeos incluyen:<\/p>\n<ul>\n<li>Reducci\u00f3n de productos y envases de pl\u00e1stico virgen en al menos un 20%.<\/li>\n<li>Aumentar la capacidad de recolecci\u00f3n y reciclaje en Europa para envases de pl\u00e1stico en al menos un 25%.<\/li>\n<li>Impulsar el uso de pl\u00e1sticos reciclados en envases en un promedio de al menos el 30%.<\/li>\n<\/ul>\n<p>Marco Settembri, <strong>CEO de Nestl\u00e9 para Europa<\/strong>, Oriente Medio y \u00c1frica del Norte ha se\u00f1alado que <em>\u00abestamos encantados de firmar el Pacto Europeo. <\/em>Uno de nuestros objetivos comunes es crear una econom\u00eda circular mejorando los esquemas de recolecci\u00f3n, clasificaci\u00f3n y reciclaje en toda Europa.<\/p>\n<p>En la actualidad la botella de pl\u00e1stico de Vittel ya est\u00e1 fabricada con pl\u00e1stico reciclado. Ma\u00f1ana, queremos asegurarnos de que tambi\u00e9n otros envases, como nuestros envoltorios y bolsas, puedan reciclarse en nuevos envases de alimentos\u00bb.<\/p>\n<p>En Espa\u00f1a, <strong>Nestl\u00e9 Aquarel ya comercializa una botella realizada con un 25% de pl\u00e1stico<\/strong> PET reciclado dise\u00f1ada por Mr. Wonderfulcon mensajes de concienciaci\u00f3n a favor del medio ambiente. Adem\u00e1s, la divisi\u00f3n de aguas de la Compa\u00f1\u00eda en nuestro pa\u00eds ya ha reducido en un 20%, de promedio, el pl\u00e1stico utilizado en sus botellas de agua desde 2010. Asimismo, Nestl\u00e9 Waters est\u00e1 comprometida a que en 2022 todas las botellas de agua mineral, que en la actualidad ya son 100% reciclables, contengan, como m\u00ednimo, <strong>un 50% de pl\u00e1stico reciclado<\/strong>.<\/p>\n<p>Por otro lado, en la actualidad tambi\u00e9n se est\u00e1n eliminando las pajitas de pl\u00e1stico. Un ejemplo es el hecho de que se lanz\u00f3 el a\u00f1o pasado los nuevos batidos deNesquik All Natural con pajitas de papel y se han creado nuevos productos en envases de papel, como es el caso de la nueva variedad de cacao soluble Nesquik All Natural o de los nuevos snacks de frutos secos y frutasYes!.<\/p>\n<p>ECOticias<\/p>\n","protected":false},"excerpt":{"rendered":"<p>En los \u00faltimos cincuenta a\u00f1os, el uso de pl\u00e1sticos ha <a href=\"https:\/\/sertv.gob.pa\/crisolfm\/nestle-reducira-notablemente-plasticos-virgenes-para-2025\/\"> [&#8230;]<\/a><\/p>\n","protected":false},"author":64,"featured_media":27279,"comment_status":"closed","ping_status":"closed","sticky":false,"template":"","format":"standard","meta":{"footnotes":""},"categories":[7],"tags":[],"class_list":["post-27278","post","type-post","status-publish","format-standard","has-post-thumbnail","hentry","category-ecologicas"],"_links":{"self":[{"href":"https:\/\/sertv.gob.pa\/crisolfm\/wp-json\/wp\/v2\/posts\/27278","targetHints":{"allow":["GET"]}}],"collection":[{"href":"https:\/\/sertv.gob.pa\/crisolfm\/wp-json\/wp\/v2\/posts"}],"about":[{"href":"https:\/\/sertv.gob.pa\/crisolfm\/wp-json\/wp\/v2\/types\/post"}],"author":[{"embeddable":true,"href":"https:\/\/sertv.gob.pa\/crisolfm\/wp-json\/wp\/v2\/users\/64"}],"replies":[{"embeddable":true,"href":"https:\/\/sertv.gob.pa\/crisolfm\/wp-json\/wp\/v2\/comments?post=27278"}],"version-history":[{"count":1,"href":"https:\/\/sertv.gob.pa\/crisolfm\/wp-json\/wp\/v2\/posts\/27278\/revisions"}],"predecessor-version":[{"id":27280,"href":"https:\/\/sertv.gob.pa\/crisolfm\/wp-json\/wp\/v2\/posts\/27278\/revisions\/27280"}],"wp:featuredmedia":[{"embeddable":true,"href":"https:\/\/sertv.gob.pa\/crisolfm\/wp-json\/wp\/v2\/media\/27279"}],"wp:attachment":[{"href":"https:\/\/sertv.gob.pa\/crisolfm\/wp-json\/wp\/v2\/media?parent=27278"}],"wp:term":[{"taxonomy":"category","embeddable":true,"href":"https:\/\/sertv.gob.pa\/crisolfm\/wp-json\/wp\/v2\/categories?post=27278"},{"taxonomy":"post_tag","embeddable":true,"href":"https:\/\/sertv.gob.pa\/crisolfm\/wp-json\/wp\/v2\/tags?post=27278"}],"curies":[{"name":"wp","href":"https:\/\/api.w.org\/{rel}","templated":true}]}}