{"id":27281,"date":"2020-03-09T16:22:55","date_gmt":"2020-03-09T16:22:55","guid":{"rendered":"https:\/\/sertv.gob.pa\/crisolfm\/?p=27281"},"modified":"2020-03-09T16:22:55","modified_gmt":"2020-03-09T16:22:55","slug":"ecologistas-ganan-recurso-contra-la-ampliacion-de-aeropuerto-en-londres","status":"publish","type":"post","link":"https:\/\/sertv.gob.pa\/crisolfm\/ecologistas-ganan-recurso-contra-la-ampliacion-de-aeropuerto-en-londres\/","title":{"rendered":"Ecologistas ganan recurso contra la ampliaci\u00f3n de aeropuerto en Londres"},"content":{"rendered":"<p><strong>La justicia brit\u00e1nica se pronunci\u00f3 \u00a0contra la ampliaci\u00f3n del aeropuerto londinense de Heathrow<\/strong>, el m\u00e1s frecuentado de <strong><a href=\"https:\/\/www.informador.mx\/europa-t17\" target=\"_blank\" rel=\"noopener\">Europa<\/a><\/strong>, dando la raz\u00f3n a los ecologistas que denunciaron el proyecto por su impacto medioambiental.<\/p>\n<p>La expansi\u00f3n del principal aeropuerto de Europa est\u00e1 en el punto de mira de grupos de activistas, entre ellos el alcalde laborista de <a href=\"https:\/\/www.informador.mx\/londres-t1610\" target=\"_blank\" rel=\"noopener\"><strong>Londres<\/strong><\/a>, Sadiq Khan, que denuncian el <strong>aumento de la contaminaci\u00f3n y las molestias ac\u00fasticas que supondr\u00eda<\/strong>.<\/p>\n<p>Tambi\u00e9n subrayan que un mayor tr\u00e1fico aeroportuario incrementar\u00eda las <strong>emisiones de gases con efecto invernadero<\/strong> cuando el <a href=\"https:\/\/www.informador.mx\/reino-unido-t214\" target=\"_blank\" rel=\"noopener\"><strong>Reino Unido<\/strong><\/a> se comprometi\u00f3 por ley a alcanzar la neutralidad de carbono en 2050.<\/p>\n<p>Un tribunal de apelaci\u00f3n de Londres les dio la raz\u00f3n al considerar que el anterior gobierno conservador, quien aprob\u00f3 la extensi\u00f3n en 2018, deber\u00eda haber tenido en cuenta las disposiciones internacionales acordadas en 2015 en la COP de Par\u00eds para luchar contra el <a href=\"https:\/\/www.informador.mx\/cambio-climatico-t95\" target=\"_blank\" rel=\"noopener\"><strong>cambio clim\u00e1tico<\/strong><\/a>.<\/p>\n<p>Seg\u00fan el juez Keith Lindblom, \u00abel ministro (de Transportes) deber\u00eda haber tenido en cuenta el Acuerdo de Par\u00eds (&#8230;) y deber\u00eda haber explicado c\u00f3mo lo tom\u00f3 en consideraci\u00f3n, pero no lo hizo\u00bb.<\/p>\n<p><strong>\u00ab\u00a1Hemos ganado!\u00bb<\/strong>, se congratul\u00f3 Khan, que apoyaba la demanda rechazada en primera instancia en 2019. El mismo grito lanzaron los activistas reunidos a la puerta del tribunal.<\/p>\n<p>&nbsp;<\/p>\n<p>ECOticias<\/p>\n","protected":false},"excerpt":{"rendered":"<p>La justicia brit\u00e1nica se pronunci\u00f3 \u00a0contra la ampliaci\u00f3n del aeropuerto <a href=\"https:\/\/sertv.gob.pa\/crisolfm\/ecologistas-ganan-recurso-contra-la-ampliacion-de-aeropuerto-en-londres\/\"> [&#8230;]<\/a><\/p>\n","protected":false},"author":64,"featured_media":27283,"comment_status":"closed","ping_status":"closed","sticky":false,"template":"","format":"standard","meta":{"footnotes":""},"categories":[7],"tags":[],"class_list":["post-27281","post","type-post","status-publish","format-standard","has-post-thumbnail","hentry","category-ecologicas"],"_links":{"self":[{"href":"https:\/\/sertv.gob.pa\/crisolfm\/wp-json\/wp\/v2\/posts\/27281","targetHints":{"allow":["GET"]}}],"collection":[{"href":"https:\/\/sertv.gob.pa\/crisolfm\/wp-json\/wp\/v2\/posts"}],"about":[{"href":"https:\/\/sertv.gob.pa\/crisolfm\/wp-json\/wp\/v2\/types\/post"}],"author":[{"embeddable":true,"href":"https:\/\/sertv.gob.pa\/crisolfm\/wp-json\/wp\/v2\/users\/64"}],"replies":[{"embeddable":true,"href":"https:\/\/sertv.gob.pa\/crisolfm\/wp-json\/wp\/v2\/comments?post=27281"}],"version-history":[{"count":1,"href":"https:\/\/sertv.gob.pa\/crisolfm\/wp-json\/wp\/v2\/posts\/27281\/revisions"}],"predecessor-version":[{"id":27284,"href":"https:\/\/sertv.gob.pa\/crisolfm\/wp-json\/wp\/v2\/posts\/27281\/revisions\/27284"}],"wp:featuredmedia":[{"embeddable":true,"href":"https:\/\/sertv.gob.pa\/crisolfm\/wp-json\/wp\/v2\/media\/27283"}],"wp:attachment":[{"href":"https:\/\/sertv.gob.pa\/crisolfm\/wp-json\/wp\/v2\/media?parent=27281"}],"wp:term":[{"taxonomy":"category","embeddable":true,"href":"https:\/\/sertv.gob.pa\/crisolfm\/wp-json\/wp\/v2\/categories?post=27281"},{"taxonomy":"post_tag","embeddable":true,"href":"https:\/\/sertv.gob.pa\/crisolfm\/wp-json\/wp\/v2\/tags?post=27281"}],"curies":[{"name":"wp","href":"https:\/\/api.w.org\/{rel}","templated":true}]}}