{"id":27287,"date":"2020-03-09T20:14:49","date_gmt":"2020-03-09T20:14:49","guid":{"rendered":"https:\/\/sertv.gob.pa\/crisolfm\/?p=27287"},"modified":"2020-03-09T20:14:49","modified_gmt":"2020-03-09T20:14:49","slug":"muere-en-francia-max-von-sydow-actor-de-game-of-thrones","status":"publish","type":"post","link":"https:\/\/sertv.gob.pa\/crisolfm\/muere-en-francia-max-von-sydow-actor-de-game-of-thrones\/","title":{"rendered":"Muere en Francia Max von Sydow, actor de &#8216;Game of Thrones&#8217;"},"content":{"rendered":"<p><strong>El franco-sueco Max von Sydow<\/strong>, uno de los actores fetiche del director Ingmar Bergman y con una dilatada carrera que incluye<strong> su papel en \u00abJuego de Tronos\u00bb<\/strong>, muri\u00f3 este domingo con 90 a\u00f1os, indic\u00f3 su mujer.<\/p>\n<p>En declaraciones este lunes al semanario \u00abParis Match\u00bb, Catherine von Sydow <strong>dio el anuncio de su fallecimiento \u00abcon el coraz\u00f3n roto y una infinita tristeza\u00bb.<\/strong><\/p>\n<p>Tambi\u00e9n pidi\u00f3 discreci\u00f3n a la prensa durante el periodo de luto por un actor que se hizo conocido gracias a su actuaci\u00f3n en algunas de las grandes pel\u00edculas de Ingmar Bergman como \u00abEl s\u00e9ptimo sello\u00bb, <strong>\u00abFresas salvajes\u00bb o \u00abEl manantial de la doncella\u00bb.<\/strong><\/p>\n<p>Fueron precisamente esas cintas las que dieron una proyecci\u00f3n internacional a este hombre que hab\u00eda nacido en la ciudad sueca de Lund en 1929 y que hab\u00eda comenzado su carrera de int\u00e9rprete en el teatro<\/p>\n<p>Fuera de su Suecia natal, algunas de sus g<strong>randes interpretaciones fueron en \u00abEl exorcista\u00bb de William Friedkin<\/strong>; \u00abLa muerte en directo\u00bb de Bertrand Tavernier; \u00abPelle el conquistador\u00bb de Billie August; \u00abSentencia previa\u00bb de Steven Spielberg o \u00abLa isla siniestra\u00bb de Martin Scorsese<\/p>\n<p>En 1997 se volvi\u00f3 a casar con la documentalista francesa Catherine Brelet, con la que ha vivido en la Provenza.<strong> De hecho, En 2002 adopt\u00f3 la nacionalidad francesa.<\/strong><\/p>\n<p>EFE<\/p>\n","protected":false},"excerpt":{"rendered":"<p>El franco-sueco Max von Sydow, uno de los actores fetiche <a href=\"https:\/\/sertv.gob.pa\/crisolfm\/muere-en-francia-max-von-sydow-actor-de-game-of-thrones\/\"> [&#8230;]<\/a><\/p>\n","protected":false},"author":64,"featured_media":27288,"comment_status":"closed","ping_status":"closed","sticky":false,"template":"","format":"standard","meta":{"footnotes":""},"categories":[6],"tags":[],"class_list":["post-27287","post","type-post","status-publish","format-standard","has-post-thumbnail","hentry","category-culturales"],"_links":{"self":[{"href":"https:\/\/sertv.gob.pa\/crisolfm\/wp-json\/wp\/v2\/posts\/27287","targetHints":{"allow":["GET"]}}],"collection":[{"href":"https:\/\/sertv.gob.pa\/crisolfm\/wp-json\/wp\/v2\/posts"}],"about":[{"href":"https:\/\/sertv.gob.pa\/crisolfm\/wp-json\/wp\/v2\/types\/post"}],"author":[{"embeddable":true,"href":"https:\/\/sertv.gob.pa\/crisolfm\/wp-json\/wp\/v2\/users\/64"}],"replies":[{"embeddable":true,"href":"https:\/\/sertv.gob.pa\/crisolfm\/wp-json\/wp\/v2\/comments?post=27287"}],"version-history":[{"count":1,"href":"https:\/\/sertv.gob.pa\/crisolfm\/wp-json\/wp\/v2\/posts\/27287\/revisions"}],"predecessor-version":[{"id":27289,"href":"https:\/\/sertv.gob.pa\/crisolfm\/wp-json\/wp\/v2\/posts\/27287\/revisions\/27289"}],"wp:featuredmedia":[{"embeddable":true,"href":"https:\/\/sertv.gob.pa\/crisolfm\/wp-json\/wp\/v2\/media\/27288"}],"wp:attachment":[{"href":"https:\/\/sertv.gob.pa\/crisolfm\/wp-json\/wp\/v2\/media?parent=27287"}],"wp:term":[{"taxonomy":"category","embeddable":true,"href":"https:\/\/sertv.gob.pa\/crisolfm\/wp-json\/wp\/v2\/categories?post=27287"},{"taxonomy":"post_tag","embeddable":true,"href":"https:\/\/sertv.gob.pa\/crisolfm\/wp-json\/wp\/v2\/tags?post=27287"}],"curies":[{"name":"wp","href":"https:\/\/api.w.org\/{rel}","templated":true}]}}