{"id":27313,"date":"2020-03-10T16:36:05","date_gmt":"2020-03-10T16:36:05","guid":{"rendered":"https:\/\/sertv.gob.pa\/crisolfm\/?p=27313"},"modified":"2020-03-10T16:36:05","modified_gmt":"2020-03-10T16:36:05","slug":"la-contaminacion-del-aire-acorta-la-esperanza-de-vida-mas-que-el-tabaco-o-el-vih","status":"publish","type":"post","link":"https:\/\/sertv.gob.pa\/crisolfm\/la-contaminacion-del-aire-acorta-la-esperanza-de-vida-mas-que-el-tabaco-o-el-vih\/","title":{"rendered":"La contaminaci\u00f3n del aire acorta la esperanza de vida m\u00e1s que el tabaco o el VIH"},"content":{"rendered":"<p><strong>La contaminaci\u00f3n del aire acorta la esperanza de vida<\/strong> una medida de casi tres a\u00f1os, lo que supone m\u00e1s que el tabaco, el sida, las guerras o enfermedades como la malaria, se\u00f1ala un estudio que publica este martes la revista Cariovascular Research.<\/p>\n<p>Los resultados del informe, firmado entre otros por el Instituto Max Planck y la Universidad de Mainz, ambos en Alemania, sugieren que \u00ab<strong>el mundo se enfrenta a una &#8216;pandemia&#8217; de contaminaci\u00f3n del aire<\/strong>\u00ab, indica un comunicado de la Sociedad Europea de Cardiolog\u00eda.<\/p>\n<p>El estudio apunta que la mala calidad el aire<strong> afecta en especial a las personas de m\u00e1s edad <\/strong>y que unos dos tercios de las muertes prematuras por contaminaci\u00f3n atmosf\u00e9rica son atribuibles a la generada por las personas, principalmente por el uso de combustibles f\u00f3siles.<\/p>\n<p>Los expertos usaron para su estudio un nuevo m\u00e9todo de modelizaci\u00f3n de los efectos de diversas fuentes de contaminaci\u00f3n atmosf\u00e9rica en las tasas de mortalidad.<\/p>\n<p>El informe <strong>se basa en datos de 2015 para cifrar en 8,8 millones el exceso de mortalidad<\/strong>, entendiendo como tal el n\u00famero de muertes durante un per\u00edodo que no se producir\u00edan en ausencia de la exposici\u00f3n a un determinado factor, en este caso la contaminaci\u00f3n.<\/p>\n<p>Esta cifra se traduce en una reducci\u00f3n media de la esperanza de vida de 2,9 a\u00f1os en todo el mundo, indica el estudio.<\/p>\n<p>EFE<\/p>\n","protected":false},"excerpt":{"rendered":"<p>La contaminaci\u00f3n del aire acorta la esperanza de vida una <a href=\"https:\/\/sertv.gob.pa\/crisolfm\/la-contaminacion-del-aire-acorta-la-esperanza-de-vida-mas-que-el-tabaco-o-el-vih\/\"> [&#8230;]<\/a><\/p>\n","protected":false},"author":64,"featured_media":27314,"comment_status":"closed","ping_status":"closed","sticky":false,"template":"","format":"standard","meta":{"footnotes":""},"categories":[7],"tags":[],"class_list":["post-27313","post","type-post","status-publish","format-standard","has-post-thumbnail","hentry","category-ecologicas"],"_links":{"self":[{"href":"https:\/\/sertv.gob.pa\/crisolfm\/wp-json\/wp\/v2\/posts\/27313","targetHints":{"allow":["GET"]}}],"collection":[{"href":"https:\/\/sertv.gob.pa\/crisolfm\/wp-json\/wp\/v2\/posts"}],"about":[{"href":"https:\/\/sertv.gob.pa\/crisolfm\/wp-json\/wp\/v2\/types\/post"}],"author":[{"embeddable":true,"href":"https:\/\/sertv.gob.pa\/crisolfm\/wp-json\/wp\/v2\/users\/64"}],"replies":[{"embeddable":true,"href":"https:\/\/sertv.gob.pa\/crisolfm\/wp-json\/wp\/v2\/comments?post=27313"}],"version-history":[{"count":1,"href":"https:\/\/sertv.gob.pa\/crisolfm\/wp-json\/wp\/v2\/posts\/27313\/revisions"}],"predecessor-version":[{"id":27315,"href":"https:\/\/sertv.gob.pa\/crisolfm\/wp-json\/wp\/v2\/posts\/27313\/revisions\/27315"}],"wp:featuredmedia":[{"embeddable":true,"href":"https:\/\/sertv.gob.pa\/crisolfm\/wp-json\/wp\/v2\/media\/27314"}],"wp:attachment":[{"href":"https:\/\/sertv.gob.pa\/crisolfm\/wp-json\/wp\/v2\/media?parent=27313"}],"wp:term":[{"taxonomy":"category","embeddable":true,"href":"https:\/\/sertv.gob.pa\/crisolfm\/wp-json\/wp\/v2\/categories?post=27313"},{"taxonomy":"post_tag","embeddable":true,"href":"https:\/\/sertv.gob.pa\/crisolfm\/wp-json\/wp\/v2\/tags?post=27313"}],"curies":[{"name":"wp","href":"https:\/\/api.w.org\/{rel}","templated":true}]}}