{"id":27328,"date":"2020-03-10T16:56:21","date_gmt":"2020-03-10T16:56:21","guid":{"rendered":"https:\/\/sertv.gob.pa\/crisolfm\/?p=27328"},"modified":"2020-03-10T16:56:21","modified_gmt":"2020-03-10T16:56:21","slug":"descienden-34-en-brasil-multas-por-infracciones-medioambientales-bajo-gobierno-de-bolsonaro","status":"publish","type":"post","link":"https:\/\/sertv.gob.pa\/crisolfm\/descienden-34-en-brasil-multas-por-infracciones-medioambientales-bajo-gobierno-de-bolsonaro\/","title":{"rendered":"Descienden 34% en Brasil multas por infracciones medioambientales bajo Gobierno de Bolsonaro"},"content":{"rendered":"<p>Seg\u00fan los datos recopilados por el diario local &#8216;Folha de S. Paulo&#8217;, <strong>el Instituto Brasile\u00f1o del Medio Ambiente<\/strong> y de los Recursos Naturales Renovables (Ibama) ha emitido 9.745 sanciones medioambientales en el \u00faltimo a\u00f1o frente a las 14.699 impuestas en 2018.<\/p>\n<p>La ca\u00edda se produce, adem\u00e1s, ante la deforestaci\u00f3n hist\u00f3rica de la Amazon\u00eda brasile\u00f1a &#8211;escenario de numerosos incendios forestales durante el \u00faltimo a\u00f1o&#8211;, una cuesti\u00f3n que ha levantado la pol\u00e9mica entre expertos y activistas medioambientales. La deforestaci\u00f3n ha aumentado, a su vez, un 30 por ciento durante el \u00faltimo a\u00f1o, seg\u00fan datos de Prodes.<\/p>\n<p><strong>La cifra de multas impuestas por infracciones medioambientales<\/strong> durante el \u00faltimo a\u00f1o supone la m\u00e1s baja desde 1995. La reducci\u00f3n de estas sanciones se ha ido reduciendo de forma paulatina desde 2009, pero en porcentajes mucho menores que los registrados en 2019, tal y como ha se\u00f1alado el citado peri\u00f3dico.<\/p>\n<p>El Ministerio de Medio Ambiente de Brasil ha asegurado que las inspecciones del Ibama se est\u00e1n llevando a cabo con normalidad. \u00abNo hay ninguna directriz hacia el lado contrario. Las inspecciones se han llevado a cabo al 98 por ciento\u00bb, han indicado las autoridades en una breve nota informativa.<\/p>\n<p>No obstante, el n\u00famero de sanciones que finalmente son abonadas es despreciable. <strong>Datos del Ibama<\/strong> muestran que solo el 3,4 por ciento de las multas superiores a los 50.000 reales (9.460 euros) han sido pagadas entre 2000 y 2018.<\/p>\n<p>ECOticias<\/p>\n","protected":false},"excerpt":{"rendered":"<p>Seg\u00fan los datos recopilados por el diario local &#8216;Folha de <a href=\"https:\/\/sertv.gob.pa\/crisolfm\/descienden-34-en-brasil-multas-por-infracciones-medioambientales-bajo-gobierno-de-bolsonaro\/\"> [&#8230;]<\/a><\/p>\n","protected":false},"author":64,"featured_media":27329,"comment_status":"closed","ping_status":"closed","sticky":false,"template":"","format":"standard","meta":{"footnotes":""},"categories":[7],"tags":[],"class_list":["post-27328","post","type-post","status-publish","format-standard","has-post-thumbnail","hentry","category-ecologicas"],"_links":{"self":[{"href":"https:\/\/sertv.gob.pa\/crisolfm\/wp-json\/wp\/v2\/posts\/27328","targetHints":{"allow":["GET"]}}],"collection":[{"href":"https:\/\/sertv.gob.pa\/crisolfm\/wp-json\/wp\/v2\/posts"}],"about":[{"href":"https:\/\/sertv.gob.pa\/crisolfm\/wp-json\/wp\/v2\/types\/post"}],"author":[{"embeddable":true,"href":"https:\/\/sertv.gob.pa\/crisolfm\/wp-json\/wp\/v2\/users\/64"}],"replies":[{"embeddable":true,"href":"https:\/\/sertv.gob.pa\/crisolfm\/wp-json\/wp\/v2\/comments?post=27328"}],"version-history":[{"count":1,"href":"https:\/\/sertv.gob.pa\/crisolfm\/wp-json\/wp\/v2\/posts\/27328\/revisions"}],"predecessor-version":[{"id":27330,"href":"https:\/\/sertv.gob.pa\/crisolfm\/wp-json\/wp\/v2\/posts\/27328\/revisions\/27330"}],"wp:featuredmedia":[{"embeddable":true,"href":"https:\/\/sertv.gob.pa\/crisolfm\/wp-json\/wp\/v2\/media\/27329"}],"wp:attachment":[{"href":"https:\/\/sertv.gob.pa\/crisolfm\/wp-json\/wp\/v2\/media?parent=27328"}],"wp:term":[{"taxonomy":"category","embeddable":true,"href":"https:\/\/sertv.gob.pa\/crisolfm\/wp-json\/wp\/v2\/categories?post=27328"},{"taxonomy":"post_tag","embeddable":true,"href":"https:\/\/sertv.gob.pa\/crisolfm\/wp-json\/wp\/v2\/tags?post=27328"}],"curies":[{"name":"wp","href":"https:\/\/api.w.org\/{rel}","templated":true}]}}