{"id":27331,"date":"2020-03-10T17:58:05","date_gmt":"2020-03-10T17:58:05","guid":{"rendered":"https:\/\/sertv.gob.pa\/crisolfm\/?p=27331"},"modified":"2020-03-10T17:58:05","modified_gmt":"2020-03-10T17:58:05","slug":"volvo-se-apunta-a-la-produccion-de-baterias-para-coches-electricos","status":"publish","type":"post","link":"https:\/\/sertv.gob.pa\/crisolfm\/volvo-se-apunta-a-la-produccion-de-baterias-para-coches-electricos\/","title":{"rendered":"Volvo se apunta a la producci\u00f3n de bater\u00edas para coches el\u00e9ctricos"},"content":{"rendered":"<p>La compa\u00f1\u00eda automovil\u00edstica Volvo Cars ha inaugurado una nueva l\u00ednea de producci\u00f3n de <strong>bater\u00edas para veh\u00edculos el\u00e9ctricos<\/strong> en su factor\u00eda ubicada en la ciudad belga de Gante, donde comenzar\u00e1 a fabricar este a\u00f1o su primer modelo 100% el\u00e9ctrico, el XC40 Recharge P8.<\/p>\n<p>Tal como ha informado la firma en un comunicado, esta inauguraci\u00f3n se enmarca dentro de su estrategia de electrificaci\u00f3n y su plan de acci\u00f3n clim\u00e1tica. Su objetivo es reducir un 40% hasta 2025 la huella de di\u00f3xido de carbono (CO2) del ciclo de vida de sus veh\u00edculos, como primer paso hacia convertirse en una empresa neutral en carbono en 2040.<\/p>\n<p>\u00abComo la primera de nuestras plantas en obtener una l\u00ednea de ensamblaje de bater\u00edas, Gante desarrollar\u00e1 un papel pionero a medida que continuamos preparando nuestra red de <strong>fabricaci\u00f3n para la electrificaci\u00f3n<\/strong>\u00ab, ha subrayado el director de Operaciones de Producci\u00f3n Global de Volvo, Geert Bruyneel.<\/p>\n<p>A principios de este a\u00f1o, la compa\u00f1\u00eda anunci\u00f3 la construcci\u00f3n de una l\u00ednea de producci\u00f3n de bater\u00edas en su planta de Estados Unidos, ubicada a las afueras de Charleston, Carolina del Sur. Se espera que la construcci\u00f3n de esas instalaciones comience este oto\u00f1o.<\/p>\n<p>ECOticias<\/p>\n","protected":false},"excerpt":{"rendered":"<p>La compa\u00f1\u00eda automovil\u00edstica Volvo Cars ha inaugurado una nueva l\u00ednea <a href=\"https:\/\/sertv.gob.pa\/crisolfm\/volvo-se-apunta-a-la-produccion-de-baterias-para-coches-electricos\/\"> [&#8230;]<\/a><\/p>\n","protected":false},"author":64,"featured_media":27332,"comment_status":"closed","ping_status":"closed","sticky":false,"template":"","format":"standard","meta":{"footnotes":""},"categories":[7],"tags":[],"class_list":["post-27331","post","type-post","status-publish","format-standard","has-post-thumbnail","hentry","category-ecologicas"],"_links":{"self":[{"href":"https:\/\/sertv.gob.pa\/crisolfm\/wp-json\/wp\/v2\/posts\/27331","targetHints":{"allow":["GET"]}}],"collection":[{"href":"https:\/\/sertv.gob.pa\/crisolfm\/wp-json\/wp\/v2\/posts"}],"about":[{"href":"https:\/\/sertv.gob.pa\/crisolfm\/wp-json\/wp\/v2\/types\/post"}],"author":[{"embeddable":true,"href":"https:\/\/sertv.gob.pa\/crisolfm\/wp-json\/wp\/v2\/users\/64"}],"replies":[{"embeddable":true,"href":"https:\/\/sertv.gob.pa\/crisolfm\/wp-json\/wp\/v2\/comments?post=27331"}],"version-history":[{"count":1,"href":"https:\/\/sertv.gob.pa\/crisolfm\/wp-json\/wp\/v2\/posts\/27331\/revisions"}],"predecessor-version":[{"id":27333,"href":"https:\/\/sertv.gob.pa\/crisolfm\/wp-json\/wp\/v2\/posts\/27331\/revisions\/27333"}],"wp:featuredmedia":[{"embeddable":true,"href":"https:\/\/sertv.gob.pa\/crisolfm\/wp-json\/wp\/v2\/media\/27332"}],"wp:attachment":[{"href":"https:\/\/sertv.gob.pa\/crisolfm\/wp-json\/wp\/v2\/media?parent=27331"}],"wp:term":[{"taxonomy":"category","embeddable":true,"href":"https:\/\/sertv.gob.pa\/crisolfm\/wp-json\/wp\/v2\/categories?post=27331"},{"taxonomy":"post_tag","embeddable":true,"href":"https:\/\/sertv.gob.pa\/crisolfm\/wp-json\/wp\/v2\/tags?post=27331"}],"curies":[{"name":"wp","href":"https:\/\/api.w.org\/{rel}","templated":true}]}}