{"id":27345,"date":"2020-03-10T18:37:35","date_gmt":"2020-03-10T18:37:35","guid":{"rendered":"https:\/\/sertv.gob.pa\/crisolfm\/?p=27345"},"modified":"2020-03-10T18:37:35","modified_gmt":"2020-03-10T18:37:35","slug":"muere-escritor-jose-jimenez-lozano-premio-cervantes-y-nacional-de-literatura","status":"publish","type":"post","link":"https:\/\/sertv.gob.pa\/crisolfm\/muere-escritor-jose-jimenez-lozano-premio-cervantes-y-nacional-de-literatura\/","title":{"rendered":"Muere escritor Jos\u00e9 Jim\u00e9nez Lozano, Premio Cervantes y Nacional de Literatura"},"content":{"rendered":"<p>El lauread\u00edsimo escritor abulense <strong>Jos\u00e9 Jim\u00e9nez Lozano <\/strong>ha fallecido este lunes, 9 de marzo, a los<strong> 89 a\u00f1os<\/strong>, como consecuencia de un infarto. El que tambi\u00e9n fuera periodista public\u00f3 26 novelas, doce libros de cuentos, nueve poemarios y siete diarios con los que obtuvo el m\u00e1ximo reconocimiento de las letras espa\u00f1olas en 2002, el <strong>Premio Cervantes. <\/strong><\/p>\n<p>Nacido en Langa (\u00c1vila) el 13 de mayo de 1930, Jim\u00e9nez Lozano estudi\u00f3 Derecho y Periodismo y ejerci\u00f3 como <a href=\"https:\/\/www.abc.es\/espana\/castilla-leon\/abci-jose-jimenez-lozano-considera-cultura-no-lleva-bien-politica-201606032113_noticia.html\" target=\"_blank\" rel=\"noopener\">redactor, subdirector y director<\/a> del peri\u00f3dico <strong>\u00abEl Norte de Castilla\u00bb<\/strong>. Tambi\u00e9n fue colaborador habitual de ABC y otros peri\u00f3dicos nacionales y regionales, adem\u00e1s de la revista \u00abDestino\u00bb.<\/p>\n<p>En noviembre de 2017, el papa Francisco le concedi\u00f3 la cruz <strong>\u00abPro Ecclesia et Pontifice\u00bb<\/strong>, condecoraci\u00f3n papal a quienes <a href=\"https:\/\/sevilla.abc.es\/local-castilla-leon\/20140316\/abci-jose-jimenez-lozano-premio-201403162137.html\" target=\"_blank\" rel=\"noopener\">hayan demostrado un largo y excepcional servicio a la Iglesia cat\u00f3lica<\/a>. Seg\u00fan consta en su p\u00e1gina web oficial, su obra, adem\u00e1s, ha sido traducida al franc\u00e9s, al alem\u00e1n, al italiano, al ingl\u00e9s, al checo, al ruso, al island\u00e9s y al holand\u00e9s.<\/p>\n<p>Tras cursar estudios en la Escuela Oficial de Periodismo y Derecho en la Universidad de Valladolid con alguna asignatura en la de Salamanca, donde se licenci\u00f3, en 1956 comenz\u00f3 a colaborar en el diario \u00abEl Norte de Castilla\u00bb y al a\u00f1o siguiente sustituy\u00f3 a Mart\u00edn Descalzo en su colaboraci\u00f3n en el mismo peri\u00f3dico, para el que adem\u00e1s ejerci\u00f3 de corresponsal durante el Concilio Vaticano II. Como hemos mencionado, llegar\u00eda a ser director de ese diario.<\/p>\n<p>Se trata de un autor gran formaci\u00f3n intelectual, f\u00e1cil de observar en lso ensayos clave como<strong> \u00abLos cementerios civiles y la heterodoxia espa\u00f1ola\u00bb<\/strong> y <strong>\u00abGu\u00eda espiritual de Castilla\u00bb<\/strong>, y acomod\u00f3 entre sus lecturas a una pl\u00e9yade heterog\u00e9nea de autores de diversas tendencias, \u00e9pocas y registros como Spinoza, Kierkegaard, Pascal, Flannnery O&#8217;Connor, al margen de sus predilectos San Juan y Santa Teresa.<\/p>\n<p>Adem\u00e1s del Cervantes obtenido en 2002, tambi\u00e9n recibi\u00f3 el <strong>Premio Castilla y Le\u00f3n de las Letras<\/strong>, en 1988, y un a\u00f1o despu\u00e9s el <strong>Premio de la Cr\u00edtica<\/strong> por \u00abEl grano de ma\u00edz rojo\u00bb. En 1992 obtuvo el<strong> Premio Nacional de las Letras Espa\u00f1olas<\/strong> y, en 1999, la <strong>Medalla de Oro al M\u00e9rito en las Bellas Artes<\/strong>.<\/p>\n<p>ABC Cultura<\/p>\n","protected":false},"excerpt":{"rendered":"<p>El lauread\u00edsimo escritor abulense Jos\u00e9 Jim\u00e9nez Lozano ha fallecido este <a href=\"https:\/\/sertv.gob.pa\/crisolfm\/muere-escritor-jose-jimenez-lozano-premio-cervantes-y-nacional-de-literatura\/\"> [&#8230;]<\/a><\/p>\n","protected":false},"author":64,"featured_media":27346,"comment_status":"closed","ping_status":"closed","sticky":false,"template":"","format":"standard","meta":{"footnotes":""},"categories":[6],"tags":[],"class_list":["post-27345","post","type-post","status-publish","format-standard","has-post-thumbnail","hentry","category-culturales"],"_links":{"self":[{"href":"https:\/\/sertv.gob.pa\/crisolfm\/wp-json\/wp\/v2\/posts\/27345","targetHints":{"allow":["GET"]}}],"collection":[{"href":"https:\/\/sertv.gob.pa\/crisolfm\/wp-json\/wp\/v2\/posts"}],"about":[{"href":"https:\/\/sertv.gob.pa\/crisolfm\/wp-json\/wp\/v2\/types\/post"}],"author":[{"embeddable":true,"href":"https:\/\/sertv.gob.pa\/crisolfm\/wp-json\/wp\/v2\/users\/64"}],"replies":[{"embeddable":true,"href":"https:\/\/sertv.gob.pa\/crisolfm\/wp-json\/wp\/v2\/comments?post=27345"}],"version-history":[{"count":1,"href":"https:\/\/sertv.gob.pa\/crisolfm\/wp-json\/wp\/v2\/posts\/27345\/revisions"}],"predecessor-version":[{"id":27347,"href":"https:\/\/sertv.gob.pa\/crisolfm\/wp-json\/wp\/v2\/posts\/27345\/revisions\/27347"}],"wp:featuredmedia":[{"embeddable":true,"href":"https:\/\/sertv.gob.pa\/crisolfm\/wp-json\/wp\/v2\/media\/27346"}],"wp:attachment":[{"href":"https:\/\/sertv.gob.pa\/crisolfm\/wp-json\/wp\/v2\/media?parent=27345"}],"wp:term":[{"taxonomy":"category","embeddable":true,"href":"https:\/\/sertv.gob.pa\/crisolfm\/wp-json\/wp\/v2\/categories?post=27345"},{"taxonomy":"post_tag","embeddable":true,"href":"https:\/\/sertv.gob.pa\/crisolfm\/wp-json\/wp\/v2\/tags?post=27345"}],"curies":[{"name":"wp","href":"https:\/\/api.w.org\/{rel}","templated":true}]}}