{"id":27350,"date":"2020-03-11T13:41:02","date_gmt":"2020-03-11T13:41:02","guid":{"rendered":"https:\/\/sertv.gob.pa\/crisolfm\/?p=27350"},"modified":"2020-03-11T13:41:02","modified_gmt":"2020-03-11T13:41:02","slug":"aumentan-programa-inclusivo-en-escuela-de-artes-plasticas","status":"publish","type":"post","link":"https:\/\/sertv.gob.pa\/crisolfm\/aumentan-programa-inclusivo-en-escuela-de-artes-plasticas\/","title":{"rendered":"Aumentan programa inclusivo en Escuela de Artes Pl\u00e1sticas"},"content":{"rendered":"<p>M\u00e1s de una docena de talentosos alumnos con discapacidad se integraron a los programas art\u00edsticos y educativos del primer semestre de la Escuela Nacional de Artes Pl\u00e1sticas del Ministerio de Cultura.<\/p>\n<p>La profesora, Sandra de Ala\u00edn directora del centro educativo, en una reuni\u00f3n informativa para estudiantes y padres de familia de lo que ser\u00e1 el presente periodo escolar inform\u00f3 que 17 estudiantes se unieron al grupo de alumnos de las diferentes disciplinas art\u00edsticas del centro de estudios.<\/p>\n<p>Por su parte, el Viceministro de Cultura Gabriel Gonz\u00e1lez explic\u00f3 que el periodo escolar empieza con buenos desaf\u00edos al transformar la cultura. \u201cA nivel gubernamental, hemos podido establecer contacto con la mayor\u00eda de las instituciones y ministerios para poder ir aceptando la inclusi\u00f3n en distintos \u00e1mbitos de las artes de las personas con discapacidad, de los pueblos originarios y de las diferentes razas\u201d, coment\u00f3 el viceministro.<\/p>\n<p>El director nacional de Educaci\u00f3n Art\u00edstica, Ellis Newman y Jorge Morales, director de Equiparaci\u00f3n de Oportunidades participaron de la visita a la Escuela Nacional de Artes Pl\u00e1sticas, con el prop\u00f3sito de conocer la participaci\u00f3n de j\u00f3venes y ni\u00f1os con discapacidad, en las diferentes disciplinas que dicta esta escuela, as\u00ed como las necesidades existentes en materia de inclusi\u00f3n para este periodo escolar.<\/p>\n<p>Jorge Morales, director de Equiparaci\u00f3n de Oportunidades destac\u00f3 que la instituci\u00f3n tiene entre sus prioridades una cultura inclusiva a trav\u00e9s de la sensibilizaci\u00f3n, haciendo talleres y programas de inclusi\u00f3n; el arte es la mejor manera que tienen de expresarse las personas con discapacidad\u201d<\/p>\n<p>Por su parte, Newman manifest\u00f3 que, como ministerio, es imperativo que la inclusi\u00f3n se replique en los dem\u00e1s centros culturales a nivel nacional.<\/p>\n<p>&nbsp;<\/p>\n<p>Fuente:\u00a0\u00a0 MiCultura<\/p>\n","protected":false},"excerpt":{"rendered":"<p>M\u00e1s de una docena de talentosos alumnos con discapacidad se <a href=\"https:\/\/sertv.gob.pa\/crisolfm\/aumentan-programa-inclusivo-en-escuela-de-artes-plasticas\/\"> [&#8230;]<\/a><\/p>\n","protected":false},"author":64,"featured_media":27351,"comment_status":"closed","ping_status":"closed","sticky":false,"template":"","format":"standard","meta":{"footnotes":""},"categories":[6],"tags":[],"class_list":["post-27350","post","type-post","status-publish","format-standard","has-post-thumbnail","hentry","category-culturales"],"_links":{"self":[{"href":"https:\/\/sertv.gob.pa\/crisolfm\/wp-json\/wp\/v2\/posts\/27350","targetHints":{"allow":["GET"]}}],"collection":[{"href":"https:\/\/sertv.gob.pa\/crisolfm\/wp-json\/wp\/v2\/posts"}],"about":[{"href":"https:\/\/sertv.gob.pa\/crisolfm\/wp-json\/wp\/v2\/types\/post"}],"author":[{"embeddable":true,"href":"https:\/\/sertv.gob.pa\/crisolfm\/wp-json\/wp\/v2\/users\/64"}],"replies":[{"embeddable":true,"href":"https:\/\/sertv.gob.pa\/crisolfm\/wp-json\/wp\/v2\/comments?post=27350"}],"version-history":[{"count":1,"href":"https:\/\/sertv.gob.pa\/crisolfm\/wp-json\/wp\/v2\/posts\/27350\/revisions"}],"predecessor-version":[{"id":27352,"href":"https:\/\/sertv.gob.pa\/crisolfm\/wp-json\/wp\/v2\/posts\/27350\/revisions\/27352"}],"wp:featuredmedia":[{"embeddable":true,"href":"https:\/\/sertv.gob.pa\/crisolfm\/wp-json\/wp\/v2\/media\/27351"}],"wp:attachment":[{"href":"https:\/\/sertv.gob.pa\/crisolfm\/wp-json\/wp\/v2\/media?parent=27350"}],"wp:term":[{"taxonomy":"category","embeddable":true,"href":"https:\/\/sertv.gob.pa\/crisolfm\/wp-json\/wp\/v2\/categories?post=27350"},{"taxonomy":"post_tag","embeddable":true,"href":"https:\/\/sertv.gob.pa\/crisolfm\/wp-json\/wp\/v2\/tags?post=27350"}],"curies":[{"name":"wp","href":"https:\/\/api.w.org\/{rel}","templated":true}]}}