{"id":27354,"date":"2020-03-11T14:09:04","date_gmt":"2020-03-11T14:09:04","guid":{"rendered":"https:\/\/sertv.gob.pa\/crisolfm\/?p=27354"},"modified":"2020-03-11T14:09:04","modified_gmt":"2020-03-11T14:09:04","slug":"abren-concurso-para-seleccion-de-director-artistico-de-danza-contemporanea-de-la-compania-nacional-de-danza","status":"publish","type":"post","link":"https:\/\/sertv.gob.pa\/crisolfm\/abren-concurso-para-seleccion-de-director-artistico-de-danza-contemporanea-de-la-compania-nacional-de-danza\/","title":{"rendered":"Abren concurso para selecci\u00f3n de Director art\u00edstico de danza contempor\u00e1nea de la Compa\u00f1\u00eda Nacional de Danza"},"content":{"rendered":"<p>El Ministerio de Cultura (MiCultura) abri\u00f3 oficialmente la convocatoria para quienes aspiren a la direcci\u00f3n art\u00edstica de danza contempor\u00e1nea que formar\u00e1 parte de la Compa\u00f1\u00eda Nacional de Danza de la instituci\u00f3n.<\/p>\n<p>El ministro de Cultura, Carlos Aguilar Navarro, exhort\u00f3 a todos los paname\u00f1os por nacimiento o naturalizaci\u00f3n, residentes en el pa\u00eds o fuera de \u00e9l que sean profesionales de la danza, a participar de esta convocatoria para poder seleccionar al mejor candidato a ser director de danza contempor\u00e1nea.<\/p>\n<p>\u201cCon esta nueva direcci\u00f3n art\u00edstica dedicada a la danza contempor\u00e1nea se incorpora una disciplina con una s\u00f3lida base t\u00e9cnica, innovadora y creativa, que cuenta con rigurosos procesos de innovaci\u00f3n y un lenguaje est\u00e9tico, que acercar\u00e1 la danza contempor\u00e1nea al p\u00fablico\u201d, dijo el ministro.<\/p>\n<p>Por su parte, Opal De Icaza, Jefa de Gabinete del Despacho Superior del Ministerio de Cultura, expres\u00f3 que finalmente la direcci\u00f3n Nacional de las Artes, en donde est\u00e1 ahora el Ballet Nacional de Panam\u00e1 evolucionar\u00e1 a la Compa\u00f1\u00eda Nacional de Danzas y tendr\u00e1 dos brazos operativos en donde va estar el Ballet Nacional de Panam\u00e1 y la Danza Contempor\u00e1nea de Panam\u00e1.<\/p>\n<p>Yilca Arosemena, Subdirectora Nacional de las Artes, inform\u00f3 que, entre los requisitos para esta posici\u00f3n se hallan: ser mayor de edad, contar con estudios formales en danza cl\u00e1sica con un m\u00ednimo de 6 a\u00f1os y en danza contempor\u00e1nea con un m\u00ednimo de cinco (5) a\u00f1os, adem\u00e1s de tener trayectoria y experiencia art\u00edstica de gesti\u00f3n e instituciones o compa\u00f1\u00edas de danza de car\u00e1cter p\u00fablico o privado en el pa\u00eds o en el extranjero.<\/p>\n<p>Para esta importante selecci\u00f3n, el jurado estar\u00e1 integrado por profesionales id\u00f3neos en el \u00e1rea de la danza cl\u00e1sica y contempor\u00e1nea, los cuales evaluar\u00e1n las solicitudes, realizar\u00e1n las entrevistas y de considerar necesario, solicitar\u00e1n a los participantes que ejecuten una muestra de su talento esc\u00e9nico. De no existir candidatos id\u00f3neos se podr\u00e1 declarar desierto el concurso.<\/p>\n<p>El candidato seleccionado ser\u00e1 anunciado el 29 de abril de 2020, durante la Gala del Ballet Nacional a realizarse en el Teatro Nacional en el marco de la celebraci\u00f3n del d\u00eda internacional de la danza.<\/p>\n<p>Los interesados podr\u00e1n efectuar las consultas que consideren pertinentes sobre el proceso de selecci\u00f3n a la direcci\u00f3n de correo electr\u00f3nico dircompdanza@micultura.gob.pa<\/p>\n<p>No se atender\u00e1n consultas telef\u00f3nicas para garantizar la confidencialidad del concurso.<\/p>\n<p>&nbsp;<\/p>\n<p>Fuente:\u00a0\u00a0 MiCultura<\/p>\n","protected":false},"excerpt":{"rendered":"<p>El Ministerio de Cultura (MiCultura) abri\u00f3 oficialmente la convocatoria para <a href=\"https:\/\/sertv.gob.pa\/crisolfm\/abren-concurso-para-seleccion-de-director-artistico-de-danza-contemporanea-de-la-compania-nacional-de-danza\/\"> [&#8230;]<\/a><\/p>\n","protected":false},"author":64,"featured_media":27355,"comment_status":"closed","ping_status":"closed","sticky":false,"template":"","format":"standard","meta":{"footnotes":""},"categories":[6],"tags":[],"class_list":["post-27354","post","type-post","status-publish","format-standard","has-post-thumbnail","hentry","category-culturales"],"_links":{"self":[{"href":"https:\/\/sertv.gob.pa\/crisolfm\/wp-json\/wp\/v2\/posts\/27354","targetHints":{"allow":["GET"]}}],"collection":[{"href":"https:\/\/sertv.gob.pa\/crisolfm\/wp-json\/wp\/v2\/posts"}],"about":[{"href":"https:\/\/sertv.gob.pa\/crisolfm\/wp-json\/wp\/v2\/types\/post"}],"author":[{"embeddable":true,"href":"https:\/\/sertv.gob.pa\/crisolfm\/wp-json\/wp\/v2\/users\/64"}],"replies":[{"embeddable":true,"href":"https:\/\/sertv.gob.pa\/crisolfm\/wp-json\/wp\/v2\/comments?post=27354"}],"version-history":[{"count":1,"href":"https:\/\/sertv.gob.pa\/crisolfm\/wp-json\/wp\/v2\/posts\/27354\/revisions"}],"predecessor-version":[{"id":27356,"href":"https:\/\/sertv.gob.pa\/crisolfm\/wp-json\/wp\/v2\/posts\/27354\/revisions\/27356"}],"wp:featuredmedia":[{"embeddable":true,"href":"https:\/\/sertv.gob.pa\/crisolfm\/wp-json\/wp\/v2\/media\/27355"}],"wp:attachment":[{"href":"https:\/\/sertv.gob.pa\/crisolfm\/wp-json\/wp\/v2\/media?parent=27354"}],"wp:term":[{"taxonomy":"category","embeddable":true,"href":"https:\/\/sertv.gob.pa\/crisolfm\/wp-json\/wp\/v2\/categories?post=27354"},{"taxonomy":"post_tag","embeddable":true,"href":"https:\/\/sertv.gob.pa\/crisolfm\/wp-json\/wp\/v2\/tags?post=27354"}],"curies":[{"name":"wp","href":"https:\/\/api.w.org\/{rel}","templated":true}]}}