{"id":27357,"date":"2020-03-11T14:23:27","date_gmt":"2020-03-11T14:23:27","guid":{"rendered":"https:\/\/sertv.gob.pa\/crisolfm\/?p=27357"},"modified":"2020-03-11T14:23:27","modified_gmt":"2020-03-11T14:23:27","slug":"efectuan-jornada-de-limpieza-de-playa-en-veracruz","status":"publish","type":"post","link":"https:\/\/sertv.gob.pa\/crisolfm\/efectuan-jornada-de-limpieza-de-playa-en-veracruz\/","title":{"rendered":"Efect\u00faan jornada de limpieza de playa en Veracruz"},"content":{"rendered":"<p>Con la coordinaci\u00f3n del Ministerio de Ambiente, representantes de la Organizaci\u00f3n del Miss Costa Am\u00e9rica efectuaron jornada de limpieza de playa en Veracruz, provincia de Panam\u00e1 Oeste, con el prop\u00f3sito de concienciar a la poblaci\u00f3n del sector, sobre la importancia de conservar los mares limpios y libres de contaminaci\u00f3n.<\/p>\n<p>En esta jornada, participaron 88 voluntarios entre miembros de la organizaci\u00f3n de Miss Costa Am\u00e9rica, moradores de la comunidad y personal de MiAmbiente.<\/p>\n<p>48 bolsas de basura fueron recolectadas e igualmente envases pl\u00e1sticos, vidrios, pa\u00f1ales desechables, prendas de vestir, llantas, entre otros art\u00edculos no org\u00e1nicos.<\/p>\n<p>Marino Abrego, encargado del departamento de Manejo de Recursos Costeros y Marinos de\u00a0la Direcci\u00f3n de Costas y Mares, se\u00f1al\u00f3 que \u201cpara MiAmbiente, est\u00e1 actividad es importante; es aqu\u00ed, donde verdaderamente se hacen las sinergias con las instituciones, las organizaciones y las comunidades, ya que este es un trabajo donde todos tenemos que involucrarnos\u201d, acot\u00f3.<\/p>\n<p>Por su parte, Jos\u00e9 Salguero director de la organizaci\u00f3n del Miss Costa Am\u00e9rica, dijo que se sienten muy complacidos de haber participado junto a las concursantes en la jornada de limpieza de playa. Adem\u00e1s, detall\u00f3 que estas actividades contribuyen\u00a0a crear conciencia entre la poblaci\u00f3n paname\u00f1a sobre la importancia de cuidar las playas, los mares y la fauna marina.<\/p>\n<p>Digna Barsallo, de la Direcci\u00f3n de Costas y Mares de MiAmbiente, realiz\u00f3 la inducci\u00f3n a los voluntarios para la din\u00e1mica de la recolecci\u00f3n de la basura\u00a0y el llenado de la cartilla para la clasificaci\u00f3n\u00a0del tipo de desecho s\u00f3lido que se recolect\u00f3.<\/p>\n<p>&nbsp;<\/p>\n<p>&nbsp;<\/p>\n<p>Fuente:\u00a0 MiAmbiente<\/p>\n","protected":false},"excerpt":{"rendered":"<p>Con la coordinaci\u00f3n del Ministerio de Ambiente, representantes de la <a href=\"https:\/\/sertv.gob.pa\/crisolfm\/efectuan-jornada-de-limpieza-de-playa-en-veracruz\/\"> [&#8230;]<\/a><\/p>\n","protected":false},"author":64,"featured_media":27358,"comment_status":"closed","ping_status":"closed","sticky":false,"template":"","format":"standard","meta":{"footnotes":""},"categories":[7],"tags":[],"class_list":["post-27357","post","type-post","status-publish","format-standard","has-post-thumbnail","hentry","category-ecologicas"],"_links":{"self":[{"href":"https:\/\/sertv.gob.pa\/crisolfm\/wp-json\/wp\/v2\/posts\/27357","targetHints":{"allow":["GET"]}}],"collection":[{"href":"https:\/\/sertv.gob.pa\/crisolfm\/wp-json\/wp\/v2\/posts"}],"about":[{"href":"https:\/\/sertv.gob.pa\/crisolfm\/wp-json\/wp\/v2\/types\/post"}],"author":[{"embeddable":true,"href":"https:\/\/sertv.gob.pa\/crisolfm\/wp-json\/wp\/v2\/users\/64"}],"replies":[{"embeddable":true,"href":"https:\/\/sertv.gob.pa\/crisolfm\/wp-json\/wp\/v2\/comments?post=27357"}],"version-history":[{"count":1,"href":"https:\/\/sertv.gob.pa\/crisolfm\/wp-json\/wp\/v2\/posts\/27357\/revisions"}],"predecessor-version":[{"id":27359,"href":"https:\/\/sertv.gob.pa\/crisolfm\/wp-json\/wp\/v2\/posts\/27357\/revisions\/27359"}],"wp:featuredmedia":[{"embeddable":true,"href":"https:\/\/sertv.gob.pa\/crisolfm\/wp-json\/wp\/v2\/media\/27358"}],"wp:attachment":[{"href":"https:\/\/sertv.gob.pa\/crisolfm\/wp-json\/wp\/v2\/media?parent=27357"}],"wp:term":[{"taxonomy":"category","embeddable":true,"href":"https:\/\/sertv.gob.pa\/crisolfm\/wp-json\/wp\/v2\/categories?post=27357"},{"taxonomy":"post_tag","embeddable":true,"href":"https:\/\/sertv.gob.pa\/crisolfm\/wp-json\/wp\/v2\/tags?post=27357"}],"curies":[{"name":"wp","href":"https:\/\/api.w.org\/{rel}","templated":true}]}}