{"id":27363,"date":"2020-03-11T15:02:29","date_gmt":"2020-03-11T15:02:29","guid":{"rendered":"https:\/\/sertv.gob.pa\/crisolfm\/?p=27363"},"modified":"2020-03-11T15:02:29","modified_gmt":"2020-03-11T15:02:29","slug":"miambiente-participa-en-feria-agropecuaria-en-la-provincia-de-veraguas","status":"publish","type":"post","link":"https:\/\/sertv.gob.pa\/crisolfm\/miambiente-participa-en-feria-agropecuaria-en-la-provincia-de-veraguas\/","title":{"rendered":"MiAmbiente participa en Feria Agropecuaria en la Provincia de Veraguas"},"content":{"rendered":"<p>La Direcci\u00f3n Regional de Veraguas particip\u00f3 en la XXV Feria Agropecuaria y Campesina llevada a cabo en la comunidad de Rodeo Viejo en el distrito de Son\u00e1, Provincia de Veraguas.<\/p>\n<p>Se cont\u00f3 con el apoyo permanente de la Asociaci\u00f3n de Productores Agropecuarios y Ambientalistas de Rodeo Viejo (OBS) con el stand que consisti\u00f3 en un rancho con productos agropecuarios netamente de la regi\u00f3n y artesan\u00edas, como polleras, confeccionadas por las propias mujeres emprendedoras. Este stand obtuvo el 2do lugar como mejor puesto agropecuario calificado por el jurado asignado en la feria.<\/p>\n<p>Personal de la Secci\u00f3n de Cultura Ambiental se encargaron de dar docencia a todo visitante que acud\u00eda al stand, haciendo entrega de plantones para su posterior reforestaci\u00f3n.<\/p>\n<p>El Ministerio de Ambiente apoya esta clase de eventos logrando resaltar el trabajo efectuado en las diferentes zonas de la regi\u00f3n.<\/p>\n<p>&nbsp;<\/p>\n<p>&nbsp;<\/p>\n<p>Fuente:\u00a0\u00a0 MiAmbiente<\/p>\n","protected":false},"excerpt":{"rendered":"<p>La Direcci\u00f3n Regional de Veraguas particip\u00f3 en la XXV Feria <a href=\"https:\/\/sertv.gob.pa\/crisolfm\/miambiente-participa-en-feria-agropecuaria-en-la-provincia-de-veraguas\/\"> [&#8230;]<\/a><\/p>\n","protected":false},"author":64,"featured_media":27364,"comment_status":"closed","ping_status":"closed","sticky":false,"template":"","format":"standard","meta":{"footnotes":""},"categories":[7],"tags":[],"class_list":["post-27363","post","type-post","status-publish","format-standard","has-post-thumbnail","hentry","category-ecologicas"],"_links":{"self":[{"href":"https:\/\/sertv.gob.pa\/crisolfm\/wp-json\/wp\/v2\/posts\/27363","targetHints":{"allow":["GET"]}}],"collection":[{"href":"https:\/\/sertv.gob.pa\/crisolfm\/wp-json\/wp\/v2\/posts"}],"about":[{"href":"https:\/\/sertv.gob.pa\/crisolfm\/wp-json\/wp\/v2\/types\/post"}],"author":[{"embeddable":true,"href":"https:\/\/sertv.gob.pa\/crisolfm\/wp-json\/wp\/v2\/users\/64"}],"replies":[{"embeddable":true,"href":"https:\/\/sertv.gob.pa\/crisolfm\/wp-json\/wp\/v2\/comments?post=27363"}],"version-history":[{"count":1,"href":"https:\/\/sertv.gob.pa\/crisolfm\/wp-json\/wp\/v2\/posts\/27363\/revisions"}],"predecessor-version":[{"id":27365,"href":"https:\/\/sertv.gob.pa\/crisolfm\/wp-json\/wp\/v2\/posts\/27363\/revisions\/27365"}],"wp:featuredmedia":[{"embeddable":true,"href":"https:\/\/sertv.gob.pa\/crisolfm\/wp-json\/wp\/v2\/media\/27364"}],"wp:attachment":[{"href":"https:\/\/sertv.gob.pa\/crisolfm\/wp-json\/wp\/v2\/media?parent=27363"}],"wp:term":[{"taxonomy":"category","embeddable":true,"href":"https:\/\/sertv.gob.pa\/crisolfm\/wp-json\/wp\/v2\/categories?post=27363"},{"taxonomy":"post_tag","embeddable":true,"href":"https:\/\/sertv.gob.pa\/crisolfm\/wp-json\/wp\/v2\/tags?post=27363"}],"curies":[{"name":"wp","href":"https:\/\/api.w.org\/{rel}","templated":true}]}}