{"id":27366,"date":"2020-03-11T15:20:42","date_gmt":"2020-03-11T15:20:42","guid":{"rendered":"https:\/\/sertv.gob.pa\/crisolfm\/?p=27366"},"modified":"2020-03-11T15:20:42","modified_gmt":"2020-03-11T15:20:42","slug":"direccion-de-administracion-y-finanzas-de-miambiente-realiza-capacitacion-en-provincias-centrales","status":"publish","type":"post","link":"https:\/\/sertv.gob.pa\/crisolfm\/direccion-de-administracion-y-finanzas-de-miambiente-realiza-capacitacion-en-provincias-centrales\/","title":{"rendered":"Direcci\u00f3n de Administraci\u00f3n y Finanzas de MiAmbiente realiza capacitaci\u00f3n en provincias centrales"},"content":{"rendered":"<p>La directora de Administraci\u00f3n y Finanzas del\u00a0Ministerio de Ambiente, Rosa De Le\u00f3n\u00a0llev\u00f3 a cabo, junto a su equipo de trabajo, una sesi\u00f3n de capacitaci\u00f3n en temas administrativos para los funcionarios que trabajan bajo esta direcci\u00f3n en las regionales de Cocl\u00e9, Herrera, Los Santos y Veraguas.<\/p>\n<p>De Le\u00f3n manifest\u00f3 que el prop\u00f3sito de la capacitaci\u00f3n, a la que asistieron 66 funcionarios, era el de dar herramientas y transferir conocimiento al personal en el adecuado manejo de los procesos administrativos para evitar atrasos en los procedimientos.<\/p>\n<p>\u201cBuscamos evitar el margen de error de todos los tr\u00e1mites de la direcci\u00f3n\u201d, se\u00f1al\u00f3 De Le\u00f3n a\u00f1adiendo que cada uno de los departamentos de la Direcci\u00f3n de Finanza trabaja de forma mancomunada y mientras mejor se manejan sus procesos m\u00e1s eficaz y expedito son los resultados.<\/p>\n<p>Durante la presentaci\u00f3n participaron los jefes de los departamentos de Tesorer\u00eda, Compra y Almac\u00e9n, Transporte, Bienes Patrimoniales, Contabilidad y\u00a0Presupuesto.<\/p>\n<p>&nbsp;<\/p>\n<p>Fuente:\u00a0 MiAmbiente<\/p>\n","protected":false},"excerpt":{"rendered":"<p>La directora de Administraci\u00f3n y Finanzas del\u00a0Ministerio de Ambiente, Rosa <a href=\"https:\/\/sertv.gob.pa\/crisolfm\/direccion-de-administracion-y-finanzas-de-miambiente-realiza-capacitacion-en-provincias-centrales\/\"> [&#8230;]<\/a><\/p>\n","protected":false},"author":64,"featured_media":27367,"comment_status":"closed","ping_status":"closed","sticky":false,"template":"","format":"standard","meta":{"footnotes":""},"categories":[7],"tags":[],"class_list":["post-27366","post","type-post","status-publish","format-standard","has-post-thumbnail","hentry","category-ecologicas"],"_links":{"self":[{"href":"https:\/\/sertv.gob.pa\/crisolfm\/wp-json\/wp\/v2\/posts\/27366","targetHints":{"allow":["GET"]}}],"collection":[{"href":"https:\/\/sertv.gob.pa\/crisolfm\/wp-json\/wp\/v2\/posts"}],"about":[{"href":"https:\/\/sertv.gob.pa\/crisolfm\/wp-json\/wp\/v2\/types\/post"}],"author":[{"embeddable":true,"href":"https:\/\/sertv.gob.pa\/crisolfm\/wp-json\/wp\/v2\/users\/64"}],"replies":[{"embeddable":true,"href":"https:\/\/sertv.gob.pa\/crisolfm\/wp-json\/wp\/v2\/comments?post=27366"}],"version-history":[{"count":1,"href":"https:\/\/sertv.gob.pa\/crisolfm\/wp-json\/wp\/v2\/posts\/27366\/revisions"}],"predecessor-version":[{"id":27368,"href":"https:\/\/sertv.gob.pa\/crisolfm\/wp-json\/wp\/v2\/posts\/27366\/revisions\/27368"}],"wp:featuredmedia":[{"embeddable":true,"href":"https:\/\/sertv.gob.pa\/crisolfm\/wp-json\/wp\/v2\/media\/27367"}],"wp:attachment":[{"href":"https:\/\/sertv.gob.pa\/crisolfm\/wp-json\/wp\/v2\/media?parent=27366"}],"wp:term":[{"taxonomy":"category","embeddable":true,"href":"https:\/\/sertv.gob.pa\/crisolfm\/wp-json\/wp\/v2\/categories?post=27366"},{"taxonomy":"post_tag","embeddable":true,"href":"https:\/\/sertv.gob.pa\/crisolfm\/wp-json\/wp\/v2\/tags?post=27366"}],"curies":[{"name":"wp","href":"https:\/\/api.w.org\/{rel}","templated":true}]}}