{"id":27387,"date":"2020-03-11T18:07:48","date_gmt":"2020-03-11T18:07:48","guid":{"rendered":"https:\/\/sertv.gob.pa\/crisolfm\/?p=27387"},"modified":"2020-03-11T18:07:48","modified_gmt":"2020-03-11T18:07:48","slug":"el-escritor-chileno-luis-sepulveda-en-estado-grave-por-coronavirus","status":"publish","type":"post","link":"https:\/\/sertv.gob.pa\/crisolfm\/el-escritor-chileno-luis-sepulveda-en-estado-grave-por-coronavirus\/","title":{"rendered":"El escritor chileno Luis Sep\u00falveda, en \u00abestado grave\u00bb por coronavirus"},"content":{"rendered":"<p>El escritor chileno <strong>Luis Sep\u00falveda<\/strong>, que reside en Asturias, se encuentra en estado grave por coronavirus, seg\u00fan confirman fuentes cercanas al autor. Sep\u00falveda est\u00e1 sedado y estable.<\/p>\n<p>El autor, que fue el primer caso de coronavirus diagnosticado en Asturias, se encuentra ingresado en el Hospital Universitario Central de Asturias, en Oviedo. El autor hab\u00eda participado en el festival literario Correntes d&#8217;Escritas en P\u00f3voa de Varzim (Portugal) y a su vuelta a Espa\u00f1a dio positivo en coronavirus.<\/p>\n<p>Luis Sep\u00falveda naci\u00f3 el 4 de octubre de 1949 en Ovalle, Chile. En 1973, con el golpe de Estado de Pinochet, fue detenido y encerrado, y en 1977 abandon\u00f3 su pa\u00eds. Reside en Espa\u00f1a desde 1997.<\/p>\n<p>&nbsp;<\/p>\n<p>&nbsp;<\/p>\n<p>Fuente:\u00a0 ABC.es\/Cultura<\/p>\n","protected":false},"excerpt":{"rendered":"<p>El escritor chileno Luis Sep\u00falveda, que reside en Asturias, se <a href=\"https:\/\/sertv.gob.pa\/crisolfm\/el-escritor-chileno-luis-sepulveda-en-estado-grave-por-coronavirus\/\"> [&#8230;]<\/a><\/p>\n","protected":false},"author":64,"featured_media":27388,"comment_status":"closed","ping_status":"closed","sticky":false,"template":"","format":"standard","meta":{"footnotes":""},"categories":[6],"tags":[],"class_list":["post-27387","post","type-post","status-publish","format-standard","has-post-thumbnail","hentry","category-culturales"],"_links":{"self":[{"href":"https:\/\/sertv.gob.pa\/crisolfm\/wp-json\/wp\/v2\/posts\/27387","targetHints":{"allow":["GET"]}}],"collection":[{"href":"https:\/\/sertv.gob.pa\/crisolfm\/wp-json\/wp\/v2\/posts"}],"about":[{"href":"https:\/\/sertv.gob.pa\/crisolfm\/wp-json\/wp\/v2\/types\/post"}],"author":[{"embeddable":true,"href":"https:\/\/sertv.gob.pa\/crisolfm\/wp-json\/wp\/v2\/users\/64"}],"replies":[{"embeddable":true,"href":"https:\/\/sertv.gob.pa\/crisolfm\/wp-json\/wp\/v2\/comments?post=27387"}],"version-history":[{"count":1,"href":"https:\/\/sertv.gob.pa\/crisolfm\/wp-json\/wp\/v2\/posts\/27387\/revisions"}],"predecessor-version":[{"id":27389,"href":"https:\/\/sertv.gob.pa\/crisolfm\/wp-json\/wp\/v2\/posts\/27387\/revisions\/27389"}],"wp:featuredmedia":[{"embeddable":true,"href":"https:\/\/sertv.gob.pa\/crisolfm\/wp-json\/wp\/v2\/media\/27388"}],"wp:attachment":[{"href":"https:\/\/sertv.gob.pa\/crisolfm\/wp-json\/wp\/v2\/media?parent=27387"}],"wp:term":[{"taxonomy":"category","embeddable":true,"href":"https:\/\/sertv.gob.pa\/crisolfm\/wp-json\/wp\/v2\/categories?post=27387"},{"taxonomy":"post_tag","embeddable":true,"href":"https:\/\/sertv.gob.pa\/crisolfm\/wp-json\/wp\/v2\/tags?post=27387"}],"curies":[{"name":"wp","href":"https:\/\/api.w.org\/{rel}","templated":true}]}}