{"id":27391,"date":"2020-03-12T13:09:03","date_gmt":"2020-03-12T13:09:03","guid":{"rendered":"https:\/\/sertv.gob.pa\/crisolfm\/?p=27391"},"modified":"2020-03-12T13:10:24","modified_gmt":"2020-03-12T13:10:24","slug":"ordenan-suspender-eventos-artisticos-que-generen-aglomeracion","status":"publish","type":"post","link":"https:\/\/sertv.gob.pa\/crisolfm\/ordenan-suspender-eventos-artisticos-que-generen-aglomeracion\/","title":{"rendered":"Ordenan suspender eventos art\u00edsticos que generen aglomeraci\u00f3n"},"content":{"rendered":"<p>El ministro de Cultura, Carlos Aguilar Navarro, orden\u00f3 la suspensi\u00f3n -hasta nuevo aviso- de todo evento art\u00edstico que genere aglomeraci\u00f3n de p\u00fablico, incluidas ferias, fiestas, festivales, as\u00ed como presentaciones y actividades art\u00edsticas y culturales, como parte de las medidas de prevenci\u00f3n que ha anunciado el Gobierno Nacional, a trav\u00e9s del Ministerio de Salud.<\/p>\n<p>Aguilar Navarro explic\u00f3 que el Ministerio de Cultura cuenta con una gran cantidad de actividades que se ven reflejadas en nuestra agenda cultural, entre las que se destacan los eventos de Arte en Movimiento, de la temporada de verano o actividades en espacios con grandes afluencias de p\u00fablico.<\/p>\n<p>\u201cTomando en cuenta esta situaci\u00f3n de salud, se decidi\u00f3 suspender las actividades en lugares aglomerados, incluyendo las deportivas por aproximadamente un mes, que se cumplen el 7 de abril, que es la fecha sugerida igualmente en Consejo de Gabinete al Ministerio de Salud, as\u00ed como la revisi\u00f3n las situaciones de peligro para poder laborar en la contenci\u00f3n del virus que ha afectado en varios pa\u00edses\u201d, explic\u00f3 Aguilar.<\/p>\n<p>A\u00f1ade el ministro que \u201ccomo representantes del Buen Gobierno, nuestra principal recomendaci\u00f3n es mantener la calma, siendo el Ministerio de Salud la \u00fanica entidad oficial que puede dar informaci\u00f3n de todo lo que ocurre sobre este tema en el pa\u00eds y que tengan la certeza de que la misma es fuente de informaci\u00f3n fidedigna y real\u201d.<\/p>\n<p>&nbsp;<\/p>\n<p>Fuente:\u00a0 MiCultura<\/p>\n","protected":false},"excerpt":{"rendered":"<p>El ministro de Cultura, Carlos Aguilar Navarro, orden\u00f3 la suspensi\u00f3n <a href=\"https:\/\/sertv.gob.pa\/crisolfm\/ordenan-suspender-eventos-artisticos-que-generen-aglomeracion\/\"> [&#8230;]<\/a><\/p>\n","protected":false},"author":64,"featured_media":27392,"comment_status":"closed","ping_status":"closed","sticky":false,"template":"","format":"standard","meta":{"footnotes":""},"categories":[6],"tags":[],"class_list":["post-27391","post","type-post","status-publish","format-standard","has-post-thumbnail","hentry","category-culturales"],"_links":{"self":[{"href":"https:\/\/sertv.gob.pa\/crisolfm\/wp-json\/wp\/v2\/posts\/27391","targetHints":{"allow":["GET"]}}],"collection":[{"href":"https:\/\/sertv.gob.pa\/crisolfm\/wp-json\/wp\/v2\/posts"}],"about":[{"href":"https:\/\/sertv.gob.pa\/crisolfm\/wp-json\/wp\/v2\/types\/post"}],"author":[{"embeddable":true,"href":"https:\/\/sertv.gob.pa\/crisolfm\/wp-json\/wp\/v2\/users\/64"}],"replies":[{"embeddable":true,"href":"https:\/\/sertv.gob.pa\/crisolfm\/wp-json\/wp\/v2\/comments?post=27391"}],"version-history":[{"count":3,"href":"https:\/\/sertv.gob.pa\/crisolfm\/wp-json\/wp\/v2\/posts\/27391\/revisions"}],"predecessor-version":[{"id":27395,"href":"https:\/\/sertv.gob.pa\/crisolfm\/wp-json\/wp\/v2\/posts\/27391\/revisions\/27395"}],"wp:featuredmedia":[{"embeddable":true,"href":"https:\/\/sertv.gob.pa\/crisolfm\/wp-json\/wp\/v2\/media\/27392"}],"wp:attachment":[{"href":"https:\/\/sertv.gob.pa\/crisolfm\/wp-json\/wp\/v2\/media?parent=27391"}],"wp:term":[{"taxonomy":"category","embeddable":true,"href":"https:\/\/sertv.gob.pa\/crisolfm\/wp-json\/wp\/v2\/categories?post=27391"},{"taxonomy":"post_tag","embeddable":true,"href":"https:\/\/sertv.gob.pa\/crisolfm\/wp-json\/wp\/v2\/tags?post=27391"}],"curies":[{"name":"wp","href":"https:\/\/api.w.org\/{rel}","templated":true}]}}