{"id":27398,"date":"2020-03-12T13:30:07","date_gmt":"2020-03-12T13:30:07","guid":{"rendered":"https:\/\/sertv.gob.pa\/crisolfm\/?p=27398"},"modified":"2020-03-12T13:30:07","modified_gmt":"2020-03-12T13:30:07","slug":"avanzan-en-fortalecimiento-del-centro-de-investigaciones-historicas-antropologicas-y-culturales","status":"publish","type":"post","link":"https:\/\/sertv.gob.pa\/crisolfm\/avanzan-en-fortalecimiento-del-centro-de-investigaciones-historicas-antropologicas-y-culturales\/","title":{"rendered":"Avanzan en fortalecimiento del Centro de Investigaciones Hist\u00f3ricas, Antropol\u00f3gicas y Culturales"},"content":{"rendered":"<p>El Ministerio de Cultura da pasos firmes en el fortalecimiento de la Asociaci\u00f3n de Inter\u00e9s P\u00fablico para el Centro de Investigaciones Hist\u00f3ricas, Antropol\u00f3gicas y Culturales, congregando a sus miembros fundadores a una reuni\u00f3n en la cual se escogi\u00f3 su Junta Directiva y se aprobaron sus estatutos.<\/p>\n<p>A criterio del ministro de Cultura, Carlos Aguilar Navarro, este encuentro de representantes de gobierno, academia y empresa privada es un paso hist\u00f3rico que permite devolver a las investigaciones la importancia que tuvieron en los tiempos de la Dra. Reina Torres de Ara\u00faz, ajust\u00e1ndonos a las exigencias y realidades cient\u00edficas del siglo XXI.<\/p>\n<p>El centro de investigaciones del Ministerio de Cultura contribuye a la meta de convertir a Panam\u00e1 en el \u201chub de hubs\u201d de investigaciones de la regi\u00f3n, por ser Panam\u00e1 un sitio estrat\u00e9gico propicio en el que convergen investigadores de toda la regi\u00f3n con la tarea de pensar y repensar el lugar de Am\u00e9rica Latina en la historia y la cultura mundial.<\/p>\n<p>\u201cLa creaci\u00f3n del Centro de Investigaciones en la modalidad de Asociaci\u00f3n de Inter\u00e9s P\u00fablico (AIP) tiene como prop\u00f3sito es volver a investigar, como en los d\u00edas de la Dra. Reina Torres de Ara\u00faz, pero ajust\u00e1ndonos a las exigencias y realidades cient\u00edficas del siglo XXI, en donde los fondos de investigaci\u00f3n se otorgar\u00e1n por concurso y los investigadores publicar\u00e1n en revistas indexadas y en libros evaluados por pares acad\u00e9micos\u201d, explic\u00f3 el ministro durante la reuni\u00f3n.<\/p>\n<p>Las representaciones fundadoras del Centro de Investigaciones hist\u00f3ricas, Antropol\u00f3gicas y Culturales AIP la constituyen SENACYT, la Direcci\u00f3n de Archivo Nacional de Panam\u00e1 del Registro P\u00fablico, el Banco Nacional de Panam\u00e1 representada por la Lic. Aura Ferrer, el Ministerio de Desarrollo Social, el Consejo Nacional de la Empresa Privada, el Centro de Investigaciones Tropicales del Smithsonian, el Grupo Niko\u00b4s y la Asociaci\u00f3n de Antropolog\u00eda e historia de Panam\u00e1.<\/p>\n<p>&nbsp;<\/p>\n<p>Fuente:\u00a0 MiCultura<\/p>\n","protected":false},"excerpt":{"rendered":"<p>El Ministerio de Cultura da pasos firmes en el fortalecimiento <a href=\"https:\/\/sertv.gob.pa\/crisolfm\/avanzan-en-fortalecimiento-del-centro-de-investigaciones-historicas-antropologicas-y-culturales\/\"> [&#8230;]<\/a><\/p>\n","protected":false},"author":64,"featured_media":27399,"comment_status":"closed","ping_status":"closed","sticky":false,"template":"","format":"standard","meta":{"footnotes":""},"categories":[6],"tags":[],"class_list":["post-27398","post","type-post","status-publish","format-standard","has-post-thumbnail","hentry","category-culturales"],"_links":{"self":[{"href":"https:\/\/sertv.gob.pa\/crisolfm\/wp-json\/wp\/v2\/posts\/27398","targetHints":{"allow":["GET"]}}],"collection":[{"href":"https:\/\/sertv.gob.pa\/crisolfm\/wp-json\/wp\/v2\/posts"}],"about":[{"href":"https:\/\/sertv.gob.pa\/crisolfm\/wp-json\/wp\/v2\/types\/post"}],"author":[{"embeddable":true,"href":"https:\/\/sertv.gob.pa\/crisolfm\/wp-json\/wp\/v2\/users\/64"}],"replies":[{"embeddable":true,"href":"https:\/\/sertv.gob.pa\/crisolfm\/wp-json\/wp\/v2\/comments?post=27398"}],"version-history":[{"count":1,"href":"https:\/\/sertv.gob.pa\/crisolfm\/wp-json\/wp\/v2\/posts\/27398\/revisions"}],"predecessor-version":[{"id":27400,"href":"https:\/\/sertv.gob.pa\/crisolfm\/wp-json\/wp\/v2\/posts\/27398\/revisions\/27400"}],"wp:featuredmedia":[{"embeddable":true,"href":"https:\/\/sertv.gob.pa\/crisolfm\/wp-json\/wp\/v2\/media\/27399"}],"wp:attachment":[{"href":"https:\/\/sertv.gob.pa\/crisolfm\/wp-json\/wp\/v2\/media?parent=27398"}],"wp:term":[{"taxonomy":"category","embeddable":true,"href":"https:\/\/sertv.gob.pa\/crisolfm\/wp-json\/wp\/v2\/categories?post=27398"},{"taxonomy":"post_tag","embeddable":true,"href":"https:\/\/sertv.gob.pa\/crisolfm\/wp-json\/wp\/v2\/tags?post=27398"}],"curies":[{"name":"wp","href":"https:\/\/api.w.org\/{rel}","templated":true}]}}