{"id":27426,"date":"2020-03-12T15:04:07","date_gmt":"2020-03-12T15:04:07","guid":{"rendered":"https:\/\/sertv.gob.pa\/crisolfm\/?p=27426"},"modified":"2020-03-12T15:04:07","modified_gmt":"2020-03-12T15:04:07","slug":"tom-hanks-y-su-esposa-confirman-que-padecen-el-covid-19","status":"publish","type":"post","link":"https:\/\/sertv.gob.pa\/crisolfm\/tom-hanks-y-su-esposa-confirman-que-padecen-el-covid-19\/","title":{"rendered":"Tom Hanks y su esposa confirman que padecen el COVID-19"},"content":{"rendered":"<p>El actor estadounidense Tom Hanks confirm\u00f3 este mi\u00e9rcoles que tanto \u00e9l como su esposa, Rita Wilson, han dado positivo al realizarse la prueba del coronavirus, despu\u00e9s de sentir varios s\u00edntomas durante un viaje por Australia.<\/p>\n<p>El propio actor anunci\u00f3 el diagn\u00f3stico en sus perfiles en redes sociales, desde donde asegur\u00f3 que permanecer\u00e1n aislados y bajo control m\u00e9dico, tal y como exigen los protocolos sanitarios, y prometi\u00f3 que actualizar\u00e1 sobre su estado de salud en los pr\u00f3ximos d\u00edas.<\/p>\n<p>\u00abHola gente. Rita y yo estamos aqu\u00ed en Australia. Nos sent\u00edamos un poco cansados, como si estuvi\u00e9ramos resfriados y con algunos dolores en el cuerpo. Rita ten\u00eda escalofr\u00edos que iban y ven\u00edan. Fiebres leves tambi\u00e9n\u00bb, describi\u00f3 Hanks en una publicaci\u00f3n que acompa\u00f1\u00f3 con una fotograf\u00eda en la que aparece un guante de l\u00e1tex depositado en un contenedor de material sanitario.<\/p>\n<p>El anuncio del conocido int\u00e9rprete lleg\u00f3 exactamente al mismo tiempo que el presidente de EE.UU., Donald Trump, se dirig\u00eda al pa\u00eds desde la Casa Blanca con un mensaje emitido en horario de m\u00e1ximo audiencia y en el que, entre otras medidas, suspendi\u00f3 todos los vuelos desde la Uni\u00f3n Europea a EE.UU. durante 30 d\u00edas.<\/p>\n<p>Seg\u00fan el actor, el matrimonio se someti\u00f3 a la prueba de detecci\u00f3n, \u00abpara hacer las cosas bien, como se necesita en el mundo en este momento\u00bb, y all\u00ed descubri\u00f3 que estaban infectados.<\/p>\n<p>\u00abBien ahora. \u00bfQu\u00e9 hacer a continuaci\u00f3n? -pregunt\u00f3-. Los funcionarios m\u00e9dicos tienen protocolos que deben seguirse. As\u00ed que nosotros, los Hanks, seremos evaluados, observados y aislados durante el tiempo que lo requiera la salud y la seguridad p\u00fablicas\u00bb.<\/p>\n<p>No obstante, Hanks, prometi\u00f3 que mantendr\u00e1 al mundo actualizado, pues es una de las primeras personas reconocidas del mundo del espect\u00e1culo que hace p\u00fablico que padece la enfermedad causada por el virus Covid-19.<\/p>\n<p>El matrimonio estaba de viaje en Australia para participar en las labores de producci\u00f3n de la pr\u00f3xima cinta biogr\u00e1fica sobre Elvis Presley que dirigir\u00e1 Baz Luhrmann, en la que Hanks actuar\u00e1 como el representante del \u00eddolo musical.<\/p>\n<p>&nbsp;<\/p>\n<p>&nbsp;<\/p>\n<p>EFE<\/p>\n","protected":false},"excerpt":{"rendered":"<p>El actor estadounidense Tom Hanks confirm\u00f3 este mi\u00e9rcoles que tanto <a href=\"https:\/\/sertv.gob.pa\/crisolfm\/tom-hanks-y-su-esposa-confirman-que-padecen-el-covid-19\/\"> [&#8230;]<\/a><\/p>\n","protected":false},"author":64,"featured_media":27429,"comment_status":"closed","ping_status":"closed","sticky":false,"template":"","format":"standard","meta":{"footnotes":""},"categories":[6],"tags":[],"class_list":["post-27426","post","type-post","status-publish","format-standard","has-post-thumbnail","hentry","category-culturales"],"_links":{"self":[{"href":"https:\/\/sertv.gob.pa\/crisolfm\/wp-json\/wp\/v2\/posts\/27426","targetHints":{"allow":["GET"]}}],"collection":[{"href":"https:\/\/sertv.gob.pa\/crisolfm\/wp-json\/wp\/v2\/posts"}],"about":[{"href":"https:\/\/sertv.gob.pa\/crisolfm\/wp-json\/wp\/v2\/types\/post"}],"author":[{"embeddable":true,"href":"https:\/\/sertv.gob.pa\/crisolfm\/wp-json\/wp\/v2\/users\/64"}],"replies":[{"embeddable":true,"href":"https:\/\/sertv.gob.pa\/crisolfm\/wp-json\/wp\/v2\/comments?post=27426"}],"version-history":[{"count":1,"href":"https:\/\/sertv.gob.pa\/crisolfm\/wp-json\/wp\/v2\/posts\/27426\/revisions"}],"predecessor-version":[{"id":27430,"href":"https:\/\/sertv.gob.pa\/crisolfm\/wp-json\/wp\/v2\/posts\/27426\/revisions\/27430"}],"wp:featuredmedia":[{"embeddable":true,"href":"https:\/\/sertv.gob.pa\/crisolfm\/wp-json\/wp\/v2\/media\/27429"}],"wp:attachment":[{"href":"https:\/\/sertv.gob.pa\/crisolfm\/wp-json\/wp\/v2\/media?parent=27426"}],"wp:term":[{"taxonomy":"category","embeddable":true,"href":"https:\/\/sertv.gob.pa\/crisolfm\/wp-json\/wp\/v2\/categories?post=27426"},{"taxonomy":"post_tag","embeddable":true,"href":"https:\/\/sertv.gob.pa\/crisolfm\/wp-json\/wp\/v2\/tags?post=27426"}],"curies":[{"name":"wp","href":"https:\/\/api.w.org\/{rel}","templated":true}]}}