{"id":27450,"date":"2020-03-12T19:14:48","date_gmt":"2020-03-12T19:14:48","guid":{"rendered":"https:\/\/sertv.gob.pa\/crisolfm\/?p=27450"},"modified":"2020-03-12T19:14:48","modified_gmt":"2020-03-12T19:14:48","slug":"tala-de-arboles-en-llano-bonito-de-chitre-contaban-con-los-permisos-respectivos","status":"publish","type":"post","link":"https:\/\/sertv.gob.pa\/crisolfm\/tala-de-arboles-en-llano-bonito-de-chitre-contaban-con-los-permisos-respectivos\/","title":{"rendered":"Tala de \u00e1rboles en Llano Bonito de Chitr\u00e9 contaban con los permisos respectivos"},"content":{"rendered":"<p>La Direcci\u00f3n Regional del Ministerio de Ambiente en la provincia de Herrera aclara a la ciudadan\u00eda que los arboles de Olivo que fueron talados a un costado del Estadio Randol Gamet, en Llano Bonito de Chitr\u00e9 ya contaban con los permisos requeridos desde el a\u00f1o 2019.<\/p>\n<p>Seg\u00fan el ingeniero Camilo Caballero, jefe de la Secci\u00f3n Forestal de Miambiente-Herrera, dichas autorizaciones fueron otorgadas al Municipio de Chitr\u00e9, tras efectuar una minuciosa inspecci\u00f3n en la que se determin\u00f3 que los mismos presentaban un deterioro interno producto de su avanzada edad, lo que implicaba una alta peligrosidad a la seguridad v\u00edal de los transe\u00fantes.<\/p>\n<p>Adem\u00e1s, se\u00f1al\u00f3 que significaba una amenaza a la ciudadan\u00eda, en especial a los que acuden al cuadro de juego y a la parada de buses.<\/p>\n<p>\u201cCon toda la responsabilidad se tom\u00f3 la decisi\u00f3n de concederle el permiso de tala al Municipio de Chitr\u00e9, a trav\u00e9s de una previa coordinaci\u00f3n con las instancias de seguridad y la compa\u00f1\u00eda el\u00e9ctrica\u201d, puntualiz\u00f3 el funcionario.<\/p>\n<p>Dej\u00f3 claro que cualquier autorizaci\u00f3n de permisos de tala requiere presentar medidas de compensaci\u00f3n, por lo cual dar\u00e1n seguimiento al Municipio, el cual debe reponer la tala de estas dos especies con la plantaci\u00f3n de 20, durante la \u00e9poca lluviosa.<\/p>\n<p>Fuente:\u00a0 MiAmbiente<\/p>\n","protected":false},"excerpt":{"rendered":"<p>La Direcci\u00f3n Regional del Ministerio de Ambiente en la provincia <a href=\"https:\/\/sertv.gob.pa\/crisolfm\/tala-de-arboles-en-llano-bonito-de-chitre-contaban-con-los-permisos-respectivos\/\"> [&#8230;]<\/a><\/p>\n","protected":false},"author":64,"featured_media":27452,"comment_status":"closed","ping_status":"closed","sticky":false,"template":"","format":"standard","meta":{"footnotes":""},"categories":[7],"tags":[],"class_list":["post-27450","post","type-post","status-publish","format-standard","has-post-thumbnail","hentry","category-ecologicas"],"_links":{"self":[{"href":"https:\/\/sertv.gob.pa\/crisolfm\/wp-json\/wp\/v2\/posts\/27450","targetHints":{"allow":["GET"]}}],"collection":[{"href":"https:\/\/sertv.gob.pa\/crisolfm\/wp-json\/wp\/v2\/posts"}],"about":[{"href":"https:\/\/sertv.gob.pa\/crisolfm\/wp-json\/wp\/v2\/types\/post"}],"author":[{"embeddable":true,"href":"https:\/\/sertv.gob.pa\/crisolfm\/wp-json\/wp\/v2\/users\/64"}],"replies":[{"embeddable":true,"href":"https:\/\/sertv.gob.pa\/crisolfm\/wp-json\/wp\/v2\/comments?post=27450"}],"version-history":[{"count":1,"href":"https:\/\/sertv.gob.pa\/crisolfm\/wp-json\/wp\/v2\/posts\/27450\/revisions"}],"predecessor-version":[{"id":27453,"href":"https:\/\/sertv.gob.pa\/crisolfm\/wp-json\/wp\/v2\/posts\/27450\/revisions\/27453"}],"wp:featuredmedia":[{"embeddable":true,"href":"https:\/\/sertv.gob.pa\/crisolfm\/wp-json\/wp\/v2\/media\/27452"}],"wp:attachment":[{"href":"https:\/\/sertv.gob.pa\/crisolfm\/wp-json\/wp\/v2\/media?parent=27450"}],"wp:term":[{"taxonomy":"category","embeddable":true,"href":"https:\/\/sertv.gob.pa\/crisolfm\/wp-json\/wp\/v2\/categories?post=27450"},{"taxonomy":"post_tag","embeddable":true,"href":"https:\/\/sertv.gob.pa\/crisolfm\/wp-json\/wp\/v2\/tags?post=27450"}],"curies":[{"name":"wp","href":"https:\/\/api.w.org\/{rel}","templated":true}]}}