{"id":27475,"date":"2020-03-13T14:40:51","date_gmt":"2020-03-13T14:40:51","guid":{"rendered":"https:\/\/sertv.gob.pa\/crisolfm\/?p=27475"},"modified":"2020-03-13T14:40:51","modified_gmt":"2020-03-13T14:40:51","slug":"deberia-ser-invierno-pero-las-temperaturas-no-dicen-lo-mismo","status":"publish","type":"post","link":"https:\/\/sertv.gob.pa\/crisolfm\/deberia-ser-invierno-pero-las-temperaturas-no-dicen-lo-mismo\/","title":{"rendered":"Deber\u00eda ser invierno, pero las temperaturas no dicen lo mismo"},"content":{"rendered":"<p>Con los mensajes <strong>\u201cDeber\u00eda ser invierno\u201d<\/strong> y \u201cEs solo el principio\u201d, Greenpeace ha salido a la calle para recordar que los sucesivos r\u00e9cords de temperatura y sequ\u00eda en Espa\u00f1a, y en otros muchos puntos del planeta, nos est\u00e1n\u00a0avisando del futuro de la actual crisis clim\u00e1tica. Una situaci\u00f3n que podemos mitigar si se activa una respuesta urgente y m\u00e1s ambiciosa que la actual.<\/p>\n<p>Estando a\u00fan en invierno, se est\u00e1n alcanzando temperaturas an\u00f3malas\u00a0en zonas como Sevilla, que alcanzaba ayer los 31 grados (valores que est\u00e1n diez grados por encima de los normales en esta \u00e9poca del a\u00f1o), o Madrid, que ha registrado una temperatura de 26, m\u00e1s propia de <strong>meses de primavera o verano<\/strong>. Pero no son los \u00fanicos datos preocupantes:<\/p>\n<ul>\n<li>Este mes de enero ha sido el m\u00e1s c\u00e1lido jam\u00e1s registrado en el planeta<\/li>\n<li>La media de temperatura en\u00a0febrero en Espa\u00f1a se ha situado 3\u00b0C por encima de la media\u00a0de ese mes en el periodo 1981-2010<\/li>\n<li>Las\u00a0reservas de agua a marzo de 2020 est\u00e1n a menos del 60%, como el a\u00f1o pasado, que fue uno de los tres a\u00f1os m\u00e1s secos de este siglo. (Regiones como Andaluc\u00eda ya tienen las reservas a menos del 50%)<\/li>\n<li>Seg\u00fan la AAE (Agencia Europea de Medioambiente),\u00a0la pen\u00ednsula ib\u00e9rica ser\u00e1 la regi\u00f3n europea m\u00e1s afectada por el aumento de la sequ\u00eda, creciendo as\u00ed su riesgo de desertificaci\u00f3n (Canarias ya se encuentra en\u00a0<a href=\"http:\/\/anws.co\/bHyhi\/%7bda68cd04-72dd-484d-bbe8-a89c9ebcf8c6%7d\" target=\"_blank\" rel=\"noopener\">situaci\u00f3n de riesgo extremo<\/a>)<\/li>\n<\/ul>\n<p>Por eso, Greenpeace recuerda al Gobierno que\u00a0la crisis clim\u00e1tica tambi\u00e9n necesita una respuesta urgente y firme, alineada con la ciencia, para evitar los peores impactos del cambio clim\u00e1tico. El actual objetivo de reducci\u00f3n de emisiones\u00a0<a href=\"http:\/\/anws.co\/bHyhk\/%7bda68cd04-72dd-484d-bbe8-a89c9ebcf8c6%7d\" target=\"_blank\" rel=\"noopener\">no es suficiente<\/a>\u00a0para asegurar que no se superen 1,5\u00baC las temperaturas globales.<\/p>\n<p>Para contribuir al esfuerzo mundial, que lidera la Uni\u00f3n Europea, Espa\u00f1a se deber\u00eda comprometer a una reducci\u00f3n de las emisiones de CO2 del 55% para 2030 con respecto a 1990 (a nivel global se deber\u00edan reducir sucesivamente cerca del 7,6% las emisiones anuales de CO2 hasta 2030) y alcanzar el cero neto en 2040.<\/p>\n<p>&nbsp;<\/p>\n<p>ECOticias<\/p>\n","protected":false},"excerpt":{"rendered":"<p>Con los mensajes \u201cDeber\u00eda ser invierno\u201d y \u201cEs solo el <a href=\"https:\/\/sertv.gob.pa\/crisolfm\/deberia-ser-invierno-pero-las-temperaturas-no-dicen-lo-mismo\/\"> [&#8230;]<\/a><\/p>\n","protected":false},"author":64,"featured_media":27476,"comment_status":"closed","ping_status":"closed","sticky":false,"template":"","format":"standard","meta":{"footnotes":""},"categories":[7],"tags":[],"class_list":["post-27475","post","type-post","status-publish","format-standard","has-post-thumbnail","hentry","category-ecologicas"],"_links":{"self":[{"href":"https:\/\/sertv.gob.pa\/crisolfm\/wp-json\/wp\/v2\/posts\/27475","targetHints":{"allow":["GET"]}}],"collection":[{"href":"https:\/\/sertv.gob.pa\/crisolfm\/wp-json\/wp\/v2\/posts"}],"about":[{"href":"https:\/\/sertv.gob.pa\/crisolfm\/wp-json\/wp\/v2\/types\/post"}],"author":[{"embeddable":true,"href":"https:\/\/sertv.gob.pa\/crisolfm\/wp-json\/wp\/v2\/users\/64"}],"replies":[{"embeddable":true,"href":"https:\/\/sertv.gob.pa\/crisolfm\/wp-json\/wp\/v2\/comments?post=27475"}],"version-history":[{"count":1,"href":"https:\/\/sertv.gob.pa\/crisolfm\/wp-json\/wp\/v2\/posts\/27475\/revisions"}],"predecessor-version":[{"id":27477,"href":"https:\/\/sertv.gob.pa\/crisolfm\/wp-json\/wp\/v2\/posts\/27475\/revisions\/27477"}],"wp:featuredmedia":[{"embeddable":true,"href":"https:\/\/sertv.gob.pa\/crisolfm\/wp-json\/wp\/v2\/media\/27476"}],"wp:attachment":[{"href":"https:\/\/sertv.gob.pa\/crisolfm\/wp-json\/wp\/v2\/media?parent=27475"}],"wp:term":[{"taxonomy":"category","embeddable":true,"href":"https:\/\/sertv.gob.pa\/crisolfm\/wp-json\/wp\/v2\/categories?post=27475"},{"taxonomy":"post_tag","embeddable":true,"href":"https:\/\/sertv.gob.pa\/crisolfm\/wp-json\/wp\/v2\/tags?post=27475"}],"curies":[{"name":"wp","href":"https:\/\/api.w.org\/{rel}","templated":true}]}}