{"id":27482,"date":"2020-03-13T14:50:44","date_gmt":"2020-03-13T14:50:44","guid":{"rendered":"https:\/\/sertv.gob.pa\/crisolfm\/?p=27482"},"modified":"2020-03-13T14:50:44","modified_gmt":"2020-03-13T14:50:44","slug":"la-hora-del-planeta-cancelada-por-el-coronavirus","status":"publish","type":"post","link":"https:\/\/sertv.gob.pa\/crisolfm\/la-hora-del-planeta-cancelada-por-el-coronavirus\/","title":{"rendered":"La Hora del Planeta \u2018cancelada\u2019 por el CORONAVIRUS"},"content":{"rendered":"<p>Debido a las circunstancias excepcionales que estamos viviendo como consecuencia de la aplicaci\u00f3n de los protocolos COVID-19 y, atendiendo a las recomendaciones del Consejo Interterritorial del Sistema Nacional de Salud y la Comunidad de Madrid,\u00a0hemos decidido cancelar todos los eventos programados para el pr\u00f3ximo 28 de marzo con motivo de <strong>la\u00a0Hora del Planeta<\/strong>.<\/p>\n<p>La cancelaci\u00f3n se aplicar\u00e1 exclusivamente a la programaci\u00f3n de los actos p\u00fablicos\u00a0que estaban previsto organizarse en toda Espa\u00f1a, pero se mantienen todas las acciones de sensibilizaci\u00f3n y difusi\u00f3n de la campa\u00f1a para promover una movilizaci\u00f3n masiva de la sociedad, los municipios, empresas y otras organizaciones durante la\u00a0<a href=\"https:\/\/www.horadelplaneta.es\/\" target=\"_blank\" rel=\"noopener\">Hora del Planeta<\/a>.<\/p>\n<p>Porque el tiempo se acaba y la ciencia es muy clara: los pr\u00f3ximos diez a\u00f1os con claves para evitar los peores impactos del cambio clim\u00e1tico y revertir la p\u00e9rdida acelerada de biodiversidad.<\/p>\n<p>&nbsp;<\/p>\n<p>&nbsp;<\/p>\n<p>Fuente:\u00a0 ECOticias<\/p>\n","protected":false},"excerpt":{"rendered":"<p>Debido a las circunstancias excepcionales que estamos viviendo como consecuencia <a href=\"https:\/\/sertv.gob.pa\/crisolfm\/la-hora-del-planeta-cancelada-por-el-coronavirus\/\"> [&#8230;]<\/a><\/p>\n","protected":false},"author":64,"featured_media":27483,"comment_status":"closed","ping_status":"closed","sticky":false,"template":"","format":"standard","meta":{"footnotes":""},"categories":[7],"tags":[],"class_list":["post-27482","post","type-post","status-publish","format-standard","has-post-thumbnail","hentry","category-ecologicas"],"_links":{"self":[{"href":"https:\/\/sertv.gob.pa\/crisolfm\/wp-json\/wp\/v2\/posts\/27482","targetHints":{"allow":["GET"]}}],"collection":[{"href":"https:\/\/sertv.gob.pa\/crisolfm\/wp-json\/wp\/v2\/posts"}],"about":[{"href":"https:\/\/sertv.gob.pa\/crisolfm\/wp-json\/wp\/v2\/types\/post"}],"author":[{"embeddable":true,"href":"https:\/\/sertv.gob.pa\/crisolfm\/wp-json\/wp\/v2\/users\/64"}],"replies":[{"embeddable":true,"href":"https:\/\/sertv.gob.pa\/crisolfm\/wp-json\/wp\/v2\/comments?post=27482"}],"version-history":[{"count":1,"href":"https:\/\/sertv.gob.pa\/crisolfm\/wp-json\/wp\/v2\/posts\/27482\/revisions"}],"predecessor-version":[{"id":27484,"href":"https:\/\/sertv.gob.pa\/crisolfm\/wp-json\/wp\/v2\/posts\/27482\/revisions\/27484"}],"wp:featuredmedia":[{"embeddable":true,"href":"https:\/\/sertv.gob.pa\/crisolfm\/wp-json\/wp\/v2\/media\/27483"}],"wp:attachment":[{"href":"https:\/\/sertv.gob.pa\/crisolfm\/wp-json\/wp\/v2\/media?parent=27482"}],"wp:term":[{"taxonomy":"category","embeddable":true,"href":"https:\/\/sertv.gob.pa\/crisolfm\/wp-json\/wp\/v2\/categories?post=27482"},{"taxonomy":"post_tag","embeddable":true,"href":"https:\/\/sertv.gob.pa\/crisolfm\/wp-json\/wp\/v2\/tags?post=27482"}],"curies":[{"name":"wp","href":"https:\/\/api.w.org\/{rel}","templated":true}]}}