{"id":27486,"date":"2020-03-13T15:02:29","date_gmt":"2020-03-13T15:02:29","guid":{"rendered":"https:\/\/sertv.gob.pa\/crisolfm\/?p=27486"},"modified":"2020-03-13T15:02:29","modified_gmt":"2020-03-13T15:02:29","slug":"la-globalizacion-pone-en-peligro-la-salud-de-los-bosques","status":"publish","type":"post","link":"https:\/\/sertv.gob.pa\/crisolfm\/la-globalizacion-pone-en-peligro-la-salud-de-los-bosques\/","title":{"rendered":"La globalizaci\u00f3n pone en peligro la salud de los bosques"},"content":{"rendered":"<p>En estos d\u00edas que la globalizaci\u00f3n est\u00e1 tan en boga por sus implicaciones en la transmisi\u00f3n de enfermedades humanas, es si cabe m\u00e1s importante poner de manifiesto tambi\u00e9n <strong>las consecuencias sobre nuestros bosques<\/strong>. La conciencia medioambiental se ha incrementado notablemente, especialmente en los efectos del cambio clim\u00e1tico y la deforestaci\u00f3n. Sin embargo, los investigadores de la Unidad de Patolog\u00eda Forestal del Campus de Palencia de la Universidad de Valladolid (iuFOR; UVa-INIA) han puesto de manifiesto que otro aspecto no tan conocido para la sociedad como son las introducciones de plagas y enfermedades ex\u00f3ticas es uno de los mayores retos medioambientales a nivel mundial.<\/p>\n<p>La globalizaci\u00f3n no s\u00f3lo ha implicado un incremento en el movimiento de las personas, sino tambi\u00e9n del <strong>comercio con plantas<\/strong>, semillas, madera y otros elementos, lo cual conlleva un incremento exponencial de especies ex\u00f3ticas invasoras, seg\u00fan los investigadores.<\/p>\n<p>Se estima que las p\u00e9rdidas ocasionadas por estas especies son de al menos 12.000 millones de euros anuales solo en Europa.<\/p>\n<p>Entre las enfermedades ex\u00f3ticas, es la grafiosis del olmo la m\u00e1s conocida por la sociedad porque supuso la pr\u00e1ctica desaparici\u00f3n de los olmos del <strong>paisaje forestal <\/strong>en la d\u00e9cada de los 80. Sin embargo, otras muchas, de reciente aparici\u00f3n como el nematodo de la madera del pino, el chancro resinoso del pino y el decaimiento del aliso, entre otras, no son tan conocidas y est\u00e1n modificando el actual paisaje forestal.<\/p>\n<p>La introducci\u00f3n de nuevas plagas y enfermedades lejos de verse reducida se est\u00e1 incrementando exponencialmente en las \u00faltimas d\u00e9cadas. De hecho, el listado de especies que son una <strong>amenaza para nuestros bosques<\/strong> es enorme y no deja de crecer, tal como recoge la EPPO (Organizaci\u00f3n Europea y Mediterr\u00e1nea de Protecci\u00f3n Vegetal) en sus listados de especies de cuarentena.<\/p>\n<p>&nbsp;<\/p>\n<p>Fuente:\u00a0 ECOticias<\/p>\n","protected":false},"excerpt":{"rendered":"<p>En estos d\u00edas que la globalizaci\u00f3n est\u00e1 tan en boga <a href=\"https:\/\/sertv.gob.pa\/crisolfm\/la-globalizacion-pone-en-peligro-la-salud-de-los-bosques\/\"> [&#8230;]<\/a><\/p>\n","protected":false},"author":64,"featured_media":27487,"comment_status":"closed","ping_status":"closed","sticky":false,"template":"","format":"standard","meta":{"footnotes":""},"categories":[7],"tags":[],"class_list":["post-27486","post","type-post","status-publish","format-standard","has-post-thumbnail","hentry","category-ecologicas"],"_links":{"self":[{"href":"https:\/\/sertv.gob.pa\/crisolfm\/wp-json\/wp\/v2\/posts\/27486","targetHints":{"allow":["GET"]}}],"collection":[{"href":"https:\/\/sertv.gob.pa\/crisolfm\/wp-json\/wp\/v2\/posts"}],"about":[{"href":"https:\/\/sertv.gob.pa\/crisolfm\/wp-json\/wp\/v2\/types\/post"}],"author":[{"embeddable":true,"href":"https:\/\/sertv.gob.pa\/crisolfm\/wp-json\/wp\/v2\/users\/64"}],"replies":[{"embeddable":true,"href":"https:\/\/sertv.gob.pa\/crisolfm\/wp-json\/wp\/v2\/comments?post=27486"}],"version-history":[{"count":1,"href":"https:\/\/sertv.gob.pa\/crisolfm\/wp-json\/wp\/v2\/posts\/27486\/revisions"}],"predecessor-version":[{"id":27488,"href":"https:\/\/sertv.gob.pa\/crisolfm\/wp-json\/wp\/v2\/posts\/27486\/revisions\/27488"}],"wp:featuredmedia":[{"embeddable":true,"href":"https:\/\/sertv.gob.pa\/crisolfm\/wp-json\/wp\/v2\/media\/27487"}],"wp:attachment":[{"href":"https:\/\/sertv.gob.pa\/crisolfm\/wp-json\/wp\/v2\/media?parent=27486"}],"wp:term":[{"taxonomy":"category","embeddable":true,"href":"https:\/\/sertv.gob.pa\/crisolfm\/wp-json\/wp\/v2\/categories?post=27486"},{"taxonomy":"post_tag","embeddable":true,"href":"https:\/\/sertv.gob.pa\/crisolfm\/wp-json\/wp\/v2\/tags?post=27486"}],"curies":[{"name":"wp","href":"https:\/\/api.w.org\/{rel}","templated":true}]}}