{"id":27490,"date":"2020-03-13T15:39:47","date_gmt":"2020-03-13T15:39:47","guid":{"rendered":"https:\/\/sertv.gob.pa\/crisolfm\/?p=27490"},"modified":"2020-03-13T16:53:30","modified_gmt":"2020-03-13T16:53:30","slug":"gobierno-obtiene-acuerdo-con-la-comunidad-educativa-sobre-escuela-miguel-alba-para-edificar-nuevas-instalaciones","status":"publish","type":"post","link":"https:\/\/sertv.gob.pa\/crisolfm\/gobierno-obtiene-acuerdo-con-la-comunidad-educativa-sobre-escuela-miguel-alba-para-edificar-nuevas-instalaciones\/","title":{"rendered":"Gobierno obtiene acuerdo con comunidad educativa de Escuela Miguel Alba en Son\u00e1, Veraguas"},"content":{"rendered":"<p>Acorde a lo estipulado, el viernes, 13 de abril del a\u00f1o en curso, se dar\u00e1 <strong><em>reinicio a la edificaci\u00f3n de la Escuela Miguel Alba<\/em><\/strong>, e igualmente se conformar\u00e1 un comit\u00e9 de seguimiento a la obra. Esto, forma parte de los acuerdos firmados, el jueves, 12 de marzo, por la ministra de Educaci\u00f3n, Maruja Gorday de Villalobos, la comunidad educativa del plantel, representantes de la aseguradora y el consorcio contratista.<\/p>\n<p>El documento, asimismo establece, que la aseguradora Nacional de Seguros de Panam\u00e1, ceder\u00e1 los pagos del contrato, directamente a la constructora del centro escolar. El convenio, es producto de la mediaci\u00f3n en que participaron, adem\u00e1s de la titular de la cartera educativa, los viceministros de la Presidencia, Juan Carlos Mu\u00f1oz; Infraestructura de Educaci\u00f3n, Ricardo S\u00e1nchez; y de Vivienda, Rogelio Paredes.<\/p>\n<p>El viceministro S\u00e1nchez, revel\u00f3, que tienen 7.4 millones de d\u00f3lares disponibles para este proyecto y faltar\u00edan a\u00f1adirle dos millones de d\u00f3lares m\u00e1s para que la obra pueda culminar, tal como fue concebida en el a\u00f1o 2015, con peque\u00f1os ajustes en el dise\u00f1o estructural, pero manteniendo los planos que ya fueron aprobados.<\/p>\n<p>\u201cVamos a garantizar todo lo que se prometi\u00f3 en este proyecto, cuya construcci\u00f3n durar\u00e1 alrededor de 24 meses, siendo conservadores. Vamos a tener un inspector de planta y le daremos seguimiento de cerca a la obra\u201d, enfatiz\u00f3.<\/p>\n<p>El centro educativo, ubicado en Son\u00e1, provincia de Veraguas, tiene una matr\u00edcula que supera los dos mil estudiantes.<\/p>\n<p>&nbsp;<\/p>\n<p>&nbsp;<\/p>\n<p>Fuente: MEDUCA<\/p>\n<p>&nbsp;<\/p>\n","protected":false},"excerpt":{"rendered":"<p>Acorde a lo estipulado, el viernes, 13 de abril del <a href=\"https:\/\/sertv.gob.pa\/crisolfm\/gobierno-obtiene-acuerdo-con-la-comunidad-educativa-sobre-escuela-miguel-alba-para-edificar-nuevas-instalaciones\/\"> [&#8230;]<\/a><\/p>\n","protected":false},"author":64,"featured_media":27491,"comment_status":"closed","ping_status":"closed","sticky":false,"template":"","format":"standard","meta":{"footnotes":""},"categories":[6],"tags":[],"class_list":["post-27490","post","type-post","status-publish","format-standard","has-post-thumbnail","hentry","category-culturales"],"_links":{"self":[{"href":"https:\/\/sertv.gob.pa\/crisolfm\/wp-json\/wp\/v2\/posts\/27490","targetHints":{"allow":["GET"]}}],"collection":[{"href":"https:\/\/sertv.gob.pa\/crisolfm\/wp-json\/wp\/v2\/posts"}],"about":[{"href":"https:\/\/sertv.gob.pa\/crisolfm\/wp-json\/wp\/v2\/types\/post"}],"author":[{"embeddable":true,"href":"https:\/\/sertv.gob.pa\/crisolfm\/wp-json\/wp\/v2\/users\/64"}],"replies":[{"embeddable":true,"href":"https:\/\/sertv.gob.pa\/crisolfm\/wp-json\/wp\/v2\/comments?post=27490"}],"version-history":[{"count":2,"href":"https:\/\/sertv.gob.pa\/crisolfm\/wp-json\/wp\/v2\/posts\/27490\/revisions"}],"predecessor-version":[{"id":27502,"href":"https:\/\/sertv.gob.pa\/crisolfm\/wp-json\/wp\/v2\/posts\/27490\/revisions\/27502"}],"wp:featuredmedia":[{"embeddable":true,"href":"https:\/\/sertv.gob.pa\/crisolfm\/wp-json\/wp\/v2\/media\/27491"}],"wp:attachment":[{"href":"https:\/\/sertv.gob.pa\/crisolfm\/wp-json\/wp\/v2\/media?parent=27490"}],"wp:term":[{"taxonomy":"category","embeddable":true,"href":"https:\/\/sertv.gob.pa\/crisolfm\/wp-json\/wp\/v2\/categories?post=27490"},{"taxonomy":"post_tag","embeddable":true,"href":"https:\/\/sertv.gob.pa\/crisolfm\/wp-json\/wp\/v2\/tags?post=27490"}],"curies":[{"name":"wp","href":"https:\/\/api.w.org\/{rel}","templated":true}]}}