{"id":27493,"date":"2020-03-13T15:51:02","date_gmt":"2020-03-13T15:51:02","guid":{"rendered":"https:\/\/sertv.gob.pa\/crisolfm\/?p=27493"},"modified":"2020-03-13T15:51:02","modified_gmt":"2020-03-13T15:51:02","slug":"cierran-todos-los-museos-y-sitios-arqueologicos-de-grecia-por-el-coronavirus","status":"publish","type":"post","link":"https:\/\/sertv.gob.pa\/crisolfm\/cierran-todos-los-museos-y-sitios-arqueologicos-de-grecia-por-el-coronavirus\/","title":{"rendered":"Cierran todos los museos y sitios arqueol\u00f3gicos de Grecia por el coronavirus"},"content":{"rendered":"<p>El Ministro de Cultura y Deportes griego ha anunciado esta ma\u00f1ana que todos <strong>los museos y sitios arqueol\u00f3gicos del pa\u00eds se mantendr\u00e1n cerrados \u00abpara la seguridad de trabajadores y visitantes\u00bb hasta el 30 de Marzo<\/strong> como parte de las medidas tomadas para prevenir la propagaci\u00f3n del coronavirus.<\/p>\n<p>La decisi\u00f3n proviene tambi\u00e9n por la situaci\u00f3n del personal que vigila y mantiene estos museos y sitios arqueol\u00f3gicos y tras consultar con la Federaci\u00f3n Griega de Trabajadores de este ministerio, que comienzan a no poder acudir a sus puestos de trabajo. El gobierno griego ha decidido cerrar hace ya varios d\u00edas no solo todas las guarder\u00edas, colegios y universidades del pa\u00eds, sino tambi\u00e9n los cines, los teatros, los lugares donde se efect\u00faan <a href=\"https:\/\/www.abc.es\/cultura\/musica\/abci-covid-19-coronavirus-espectaculos-conciertos-y-festivales-cancelados-espana-y-mundo-202003101142_noticia.html\" target=\"_blank\" rel=\"noopener\">conciertos, los gimnasios y muchos establecimientos m\u00e1s, incluyendo los bares<\/a>.<\/p>\n<p>El ministerio ha dejado claro que se mantendr\u00e1 el personal de vigilancia necesario y que adem\u00e1s se han dado las instrucciones pertinentes para limpiar a fondo todas las instalaciones sanitarias por el personal del ministerio en todos los museos y sitios arqueol\u00f3gicos del pa\u00eds.<\/p>\n<p>Entretanto tras una ceremonia de encendido de la Llama Ol\u00edmpica en la propia Olimpia ayer, en la que no se permit\u00eda la presencia de espectadores, comenz\u00f3 su recorrido griego que se ha visto interrumpido esta ma\u00f1ana. Ha sido debido al mucho p\u00fablico que esperaba en la ciudad de Esparta, en el Peloponeso, al actor <strong>Gerald Butler<\/strong>, que corri\u00f3 con la llama al grito de <strong>\u00abEsto es Esparta\u00bb como en la famosa pel\u00edcula \u00ab300\u00bb <\/strong>en la que interpretaba al Rey espartano Le\u00f3nidas.<\/p>\n<p>La situaci\u00f3n alarm\u00f3 tanto a las autoridades que el Comit\u00e9 Ol\u00edmpico Griego, tras consultar al Ministerio de Cultura y al Comit\u00e9 Ol\u00edmpico Internacional, decidi\u00f3 cancelar el resto del recorrido.<\/p>\n<p>La llama <strong>se entregar\u00e1 directamente a los organizadores japoneses de los Juegos Ol\u00edmpicos de Tokio el jueves 19 de Marzo<\/strong>, en el Estadio Panatenaico de Atenas (donde se celebraron los primeros juegos ol\u00edmpicos de la nueva era en 1896) y sin presencia de p\u00fablico.<\/p>\n<p>&nbsp;<\/p>\n<p>&nbsp;<\/p>\n<p>Fuente:\u00a0 ABC Cultura<\/p>\n","protected":false},"excerpt":{"rendered":"<p>El Ministro de Cultura y Deportes griego ha anunciado esta <a href=\"https:\/\/sertv.gob.pa\/crisolfm\/cierran-todos-los-museos-y-sitios-arqueologicos-de-grecia-por-el-coronavirus\/\"> [&#8230;]<\/a><\/p>\n","protected":false},"author":64,"featured_media":27494,"comment_status":"closed","ping_status":"closed","sticky":false,"template":"","format":"standard","meta":{"footnotes":""},"categories":[6],"tags":[],"class_list":["post-27493","post","type-post","status-publish","format-standard","has-post-thumbnail","hentry","category-culturales"],"_links":{"self":[{"href":"https:\/\/sertv.gob.pa\/crisolfm\/wp-json\/wp\/v2\/posts\/27493","targetHints":{"allow":["GET"]}}],"collection":[{"href":"https:\/\/sertv.gob.pa\/crisolfm\/wp-json\/wp\/v2\/posts"}],"about":[{"href":"https:\/\/sertv.gob.pa\/crisolfm\/wp-json\/wp\/v2\/types\/post"}],"author":[{"embeddable":true,"href":"https:\/\/sertv.gob.pa\/crisolfm\/wp-json\/wp\/v2\/users\/64"}],"replies":[{"embeddable":true,"href":"https:\/\/sertv.gob.pa\/crisolfm\/wp-json\/wp\/v2\/comments?post=27493"}],"version-history":[{"count":1,"href":"https:\/\/sertv.gob.pa\/crisolfm\/wp-json\/wp\/v2\/posts\/27493\/revisions"}],"predecessor-version":[{"id":27495,"href":"https:\/\/sertv.gob.pa\/crisolfm\/wp-json\/wp\/v2\/posts\/27493\/revisions\/27495"}],"wp:featuredmedia":[{"embeddable":true,"href":"https:\/\/sertv.gob.pa\/crisolfm\/wp-json\/wp\/v2\/media\/27494"}],"wp:attachment":[{"href":"https:\/\/sertv.gob.pa\/crisolfm\/wp-json\/wp\/v2\/media?parent=27493"}],"wp:term":[{"taxonomy":"category","embeddable":true,"href":"https:\/\/sertv.gob.pa\/crisolfm\/wp-json\/wp\/v2\/categories?post=27493"},{"taxonomy":"post_tag","embeddable":true,"href":"https:\/\/sertv.gob.pa\/crisolfm\/wp-json\/wp\/v2\/tags?post=27493"}],"curies":[{"name":"wp","href":"https:\/\/api.w.org\/{rel}","templated":true}]}}