{"id":27499,"date":"2020-03-13T16:43:52","date_gmt":"2020-03-13T16:43:52","guid":{"rendered":"https:\/\/sertv.gob.pa\/crisolfm\/?p=27499"},"modified":"2020-03-13T16:43:52","modified_gmt":"2020-03-13T16:43:52","slug":"modulos-academicos-para-dar-continuidad-al-ano-escolar-2020-se-impartiran-este-lunes-16-de-marzo","status":"publish","type":"post","link":"https:\/\/sertv.gob.pa\/crisolfm\/modulos-academicos-para-dar-continuidad-al-ano-escolar-2020-se-impartiran-este-lunes-16-de-marzo\/","title":{"rendered":"\u201cM\u00f3dulos acad\u00e9micos\u201d para dar continuidad al a\u00f1o escolar 2020, se impartir\u00e1n este lunes 16 de marzo"},"content":{"rendered":"<p>Las autoridades del Ministerio de Educaci\u00f3n de Panam\u00e1, pondr\u00e1n a disposici\u00f3n de todos los estudiantes de las escuelas oficiales del pa\u00eds, este lunes, 16 de marzo, los m\u00f3dulos para darle continuidad al primer trimestre del a\u00f1o acad\u00e9mico 2020, material que <strong><em>podr\u00e1n recibir al<\/em><\/strong> <strong><em>ingresar al portal educativo Educa Panam\u00e1<\/em><\/strong>, <strong><em>a trav\u00e9s de la direcci\u00f3n electr\u00f3nica educapanama.edu.pa, <\/em><\/strong>seg\u00fan dio a conocer, la subdirectora general de Educaci\u00f3n T\u00e9cnico Docente, Victoria Tello.<\/p>\n<p>Con anticipaci\u00f3n, los directores y supervisores regionales participaron en la inducci\u00f3n de elaboraci\u00f3n de m\u00f3dulos, lo que permitir\u00e1 brindar mayor apoyo a los directores y docentes de los centros educativos. Los educadores que imparten las diferentes asignaturas, confeccionaron su m\u00f3dulo que ya fue remitido a los coordinadores de asignaturas o de departamentos para su ingreso al portal educativo.<\/p>\n<p><strong><em>Los estudiantes de segundo a duod\u00e9cimo grado, podr\u00e1n ingresar al portal educativo, buscar su regi\u00f3n educativa, su escuela e, incluso, el nombre de su docente, lo que significa que la informaci\u00f3n la podr\u00e1n recibir sin ninguna dificultad. Los docentes, de acuerdo con su metodolog\u00eda de trabajo, podr\u00e1n trabajar mediante los m\u00f3dulos acad\u00e9micos o gu\u00edas did\u00e1cticas, en que muchos tuvieron la oportunidad de levantar un archivo de correo electr\u00f3nico, lo que les permitir\u00e1 interactuar diariamente con sus estudiantes.<\/em><\/strong><\/p>\n<p>El uso de la tecnolog\u00eda digital permitir\u00e1 a los educadores atender a los alumnos e interactuar sobre aspectos b\u00e1sicos de cada asignatura, en caso que el estudiante no tenga acceso al internet, podr\u00e1 acudir a las distintas Infloplazas o caf\u00e9 internet. Las direcciones regionales de educaci\u00f3n ofrecer\u00e1n apoyo a los estudiantes, incluso, les suministrar\u00e1n impresos los respectivos m\u00f3dulos.<\/p>\n<p>La fundaci\u00f3n Ayudinga tambi\u00e9n ofrecer\u00e1 apoyo, gratuitamente, a trav\u00e9s de su plataforma virtual de reforzamiento acad\u00e9mico a todos los estudiantes que requieran de este servicio.<\/p>\n<p>La ministra de Educaci\u00f3n, Maruja Gorday de Villalobos, indic\u00f3 que se est\u00e1 en el proceso de organizaci\u00f3n y que se tiene todo un equipo de tecnolog\u00eda bajo la Direcci\u00f3n Nacional de Inform\u00e1tica, que hace las coordinaciones, verifica cu\u00e1ntos estudiantes tienen acceso a dispositivos m\u00f3viles y a internet, cu\u00e1ntos no tienen y c\u00f3mo se va a coordinar, porque el nivel de conectividad no es igual para todas las regiones, ni para todos los contextos, e incluye las \u00e1reas comarcales.<\/p>\n<p>\u201cAyer estuve en Chiriqu\u00ed, y hay m\u00e1s de siete escuelas oficiales ya organizadas, con m\u00f3dulos y tenemos algunas escuelas particulares que ya levantaron sus plataformas virtuales. Eso tambi\u00e9n nos fortalece como pa\u00eds, ofreciendo otras propuestas de mejora de innovaci\u00f3n educativa\u201d, resalt\u00f3 Gorday de Villalobos.<\/p>\n<p>&nbsp;<\/p>\n<p>Fuente:\u00a0\u00a0 MEDUCA<\/p>\n","protected":false},"excerpt":{"rendered":"<p>Las autoridades del Ministerio de Educaci\u00f3n de Panam\u00e1, pondr\u00e1n a <a href=\"https:\/\/sertv.gob.pa\/crisolfm\/modulos-academicos-para-dar-continuidad-al-ano-escolar-2020-se-impartiran-este-lunes-16-de-marzo\/\"> [&#8230;]<\/a><\/p>\n","protected":false},"author":64,"featured_media":27500,"comment_status":"closed","ping_status":"closed","sticky":false,"template":"","format":"standard","meta":{"footnotes":""},"categories":[6],"tags":[],"class_list":["post-27499","post","type-post","status-publish","format-standard","has-post-thumbnail","hentry","category-culturales"],"_links":{"self":[{"href":"https:\/\/sertv.gob.pa\/crisolfm\/wp-json\/wp\/v2\/posts\/27499","targetHints":{"allow":["GET"]}}],"collection":[{"href":"https:\/\/sertv.gob.pa\/crisolfm\/wp-json\/wp\/v2\/posts"}],"about":[{"href":"https:\/\/sertv.gob.pa\/crisolfm\/wp-json\/wp\/v2\/types\/post"}],"author":[{"embeddable":true,"href":"https:\/\/sertv.gob.pa\/crisolfm\/wp-json\/wp\/v2\/users\/64"}],"replies":[{"embeddable":true,"href":"https:\/\/sertv.gob.pa\/crisolfm\/wp-json\/wp\/v2\/comments?post=27499"}],"version-history":[{"count":1,"href":"https:\/\/sertv.gob.pa\/crisolfm\/wp-json\/wp\/v2\/posts\/27499\/revisions"}],"predecessor-version":[{"id":27501,"href":"https:\/\/sertv.gob.pa\/crisolfm\/wp-json\/wp\/v2\/posts\/27499\/revisions\/27501"}],"wp:featuredmedia":[{"embeddable":true,"href":"https:\/\/sertv.gob.pa\/crisolfm\/wp-json\/wp\/v2\/media\/27500"}],"wp:attachment":[{"href":"https:\/\/sertv.gob.pa\/crisolfm\/wp-json\/wp\/v2\/media?parent=27499"}],"wp:term":[{"taxonomy":"category","embeddable":true,"href":"https:\/\/sertv.gob.pa\/crisolfm\/wp-json\/wp\/v2\/categories?post=27499"},{"taxonomy":"post_tag","embeddable":true,"href":"https:\/\/sertv.gob.pa\/crisolfm\/wp-json\/wp\/v2\/tags?post=27499"}],"curies":[{"name":"wp","href":"https:\/\/api.w.org\/{rel}","templated":true}]}}