{"id":27512,"date":"2020-03-17T14:01:50","date_gmt":"2020-03-17T14:01:50","guid":{"rendered":"https:\/\/sertv.gob.pa\/crisolfm\/?p=27512"},"modified":"2020-03-17T14:01:50","modified_gmt":"2020-03-17T14:01:50","slug":"carlos-aguilar-hace-un-llamado-a-la-calma-para-enfrentar-juntos-la-pandemia-de-covid-19","status":"publish","type":"post","link":"https:\/\/sertv.gob.pa\/crisolfm\/carlos-aguilar-hace-un-llamado-a-la-calma-para-enfrentar-juntos-la-pandemia-de-covid-19\/","title":{"rendered":"Carlos Aguilar hace un llamado a la calma para enfrentar juntos la pandemia de Covid-19"},"content":{"rendered":"<p>El ministro de Cultura, Carlos Aguilar Navarro, inst\u00f3 al llamado del Buen Gobierno del presidente Laurentino Cortizo Cohen a mantener la calma, a no alarmarse y seguir el protocolo de las autoridades de salud frente a la pandemia de Covid-19.<\/p>\n<p>En relaci\u00f3n a los temas culturales, el ministro Aguilar, explic\u00f3 que las organizaciones y empresas relacionadas con eventos han comunicado la suspensi\u00f3n, hasta nuevo aviso, toda actividad art\u00edstica que genere aglomeraci\u00f3n de p\u00fablico, incluidas ferias, fiestas, festivales, as\u00ed como presentaciones y actividades art\u00edsticas y culturales, como parte de las medidas de prevenci\u00f3n que se ha anunciado el Gobierno.<\/p>\n<p>Aguilar Navarro reiter\u00f3 que el Ministerio de Cultura ha pospuesto actividades que se han visto reflejadas en la agenda cultural, entre las que se destacan los eventos masivos de la temporada de verano Arte en Movimiento, presentaciones de la Orquesta Sinf\u00f3nica, obras de teatro, festivales y ferias en distintos puntos del pa\u00eds o actividades en espacios con gran afluencia de p\u00fablico.<\/p>\n<p>\u201cEste es el momento para que todos los paname\u00f1os estemos unidos para enfrentar esta pandemia, como destaca en sus mensajes nuestro presidente Laurentino Cortizo Cohen\u201d, apunt\u00f3 el titular de Cultura.<\/p>\n<p>Fuente: MiCultura<\/p>\n","protected":false},"excerpt":{"rendered":"<p>El ministro de Cultura, Carlos Aguilar Navarro, inst\u00f3 al llamado <a href=\"https:\/\/sertv.gob.pa\/crisolfm\/carlos-aguilar-hace-un-llamado-a-la-calma-para-enfrentar-juntos-la-pandemia-de-covid-19\/\"> [&#8230;]<\/a><\/p>\n","protected":false},"author":64,"featured_media":27513,"comment_status":"closed","ping_status":"closed","sticky":false,"template":"","format":"standard","meta":{"footnotes":""},"categories":[6],"tags":[],"class_list":["post-27512","post","type-post","status-publish","format-standard","has-post-thumbnail","hentry","category-culturales"],"_links":{"self":[{"href":"https:\/\/sertv.gob.pa\/crisolfm\/wp-json\/wp\/v2\/posts\/27512","targetHints":{"allow":["GET"]}}],"collection":[{"href":"https:\/\/sertv.gob.pa\/crisolfm\/wp-json\/wp\/v2\/posts"}],"about":[{"href":"https:\/\/sertv.gob.pa\/crisolfm\/wp-json\/wp\/v2\/types\/post"}],"author":[{"embeddable":true,"href":"https:\/\/sertv.gob.pa\/crisolfm\/wp-json\/wp\/v2\/users\/64"}],"replies":[{"embeddable":true,"href":"https:\/\/sertv.gob.pa\/crisolfm\/wp-json\/wp\/v2\/comments?post=27512"}],"version-history":[{"count":1,"href":"https:\/\/sertv.gob.pa\/crisolfm\/wp-json\/wp\/v2\/posts\/27512\/revisions"}],"predecessor-version":[{"id":27514,"href":"https:\/\/sertv.gob.pa\/crisolfm\/wp-json\/wp\/v2\/posts\/27512\/revisions\/27514"}],"wp:featuredmedia":[{"embeddable":true,"href":"https:\/\/sertv.gob.pa\/crisolfm\/wp-json\/wp\/v2\/media\/27513"}],"wp:attachment":[{"href":"https:\/\/sertv.gob.pa\/crisolfm\/wp-json\/wp\/v2\/media?parent=27512"}],"wp:term":[{"taxonomy":"category","embeddable":true,"href":"https:\/\/sertv.gob.pa\/crisolfm\/wp-json\/wp\/v2\/categories?post=27512"},{"taxonomy":"post_tag","embeddable":true,"href":"https:\/\/sertv.gob.pa\/crisolfm\/wp-json\/wp\/v2\/tags?post=27512"}],"curies":[{"name":"wp","href":"https:\/\/api.w.org\/{rel}","templated":true}]}}