{"id":27515,"date":"2020-03-17T15:08:09","date_gmt":"2020-03-17T15:08:09","guid":{"rendered":"https:\/\/sertv.gob.pa\/crisolfm\/?p=27515"},"modified":"2020-03-17T15:08:09","modified_gmt":"2020-03-17T15:08:09","slug":"mi-ambiente-redobla-esfuerzos-de-seguridad","status":"publish","type":"post","link":"https:\/\/sertv.gob.pa\/crisolfm\/mi-ambiente-redobla-esfuerzos-de-seguridad\/","title":{"rendered":"Mi Ambiente redobla esfuerzos de seguridad."},"content":{"rendered":"<p>Desde hace una semana la Direcci\u00f3n Regional del Ministerio de Ambiente (MiAMBIENTE) en la provincia de Chiriqu\u00ed desarrolla la campa\u00f1a de prevenci\u00f3n y concienciaci\u00f3n comunitaria en contra del coronavirus y tras el Estado de Emergencia Nacional se redoblan los esfuerzos para prevenir el COVID-19.<\/p>\n<p>Frente a este escenario MiAMBIENTE, las secciones est\u00e1n atendiendo urgencias y a los usuarios que realizan tr\u00e1mites se les recibe en una ventanilla asignada para tal fin. De igual forma se coordina los procesos v\u00eda telef\u00f3nica y a trav\u00e9s de correos electr\u00f3nicos.<\/p>\n<p>Para los usuarios se les ofrece material educativo relacionado a la campa\u00f1a de prevenci\u00f3n y en la dispensa el gel alcoholado.<\/p>\n<p>Adem\u00e1s se envi\u00f3 a casa a todo el personal mayor de 60 a\u00f1os con enfermedades cr\u00f3nicas o familiares que padecen alg\u00fan cuadro cl\u00ednico, por considerarse poblaci\u00f3n en riesgo.<\/p>\n<p>Se reitera el n\u00famero de la central telef\u00f3nica de la regional de Chiriqu\u00ed para cualquier tr\u00e1mite, el 500-0922 \u00f3 el whatssap\u00a0\u00a062042958.<\/p>\n<p>Fuente: Mi Ambiente<\/p>\n","protected":false},"excerpt":{"rendered":"<p>Desde hace una semana la Direcci\u00f3n Regional del Ministerio de <a href=\"https:\/\/sertv.gob.pa\/crisolfm\/mi-ambiente-redobla-esfuerzos-de-seguridad\/\"> [&#8230;]<\/a><\/p>\n","protected":false},"author":64,"featured_media":27516,"comment_status":"closed","ping_status":"closed","sticky":false,"template":"","format":"standard","meta":{"footnotes":""},"categories":[7],"tags":[],"class_list":["post-27515","post","type-post","status-publish","format-standard","has-post-thumbnail","hentry","category-ecologicas"],"_links":{"self":[{"href":"https:\/\/sertv.gob.pa\/crisolfm\/wp-json\/wp\/v2\/posts\/27515","targetHints":{"allow":["GET"]}}],"collection":[{"href":"https:\/\/sertv.gob.pa\/crisolfm\/wp-json\/wp\/v2\/posts"}],"about":[{"href":"https:\/\/sertv.gob.pa\/crisolfm\/wp-json\/wp\/v2\/types\/post"}],"author":[{"embeddable":true,"href":"https:\/\/sertv.gob.pa\/crisolfm\/wp-json\/wp\/v2\/users\/64"}],"replies":[{"embeddable":true,"href":"https:\/\/sertv.gob.pa\/crisolfm\/wp-json\/wp\/v2\/comments?post=27515"}],"version-history":[{"count":1,"href":"https:\/\/sertv.gob.pa\/crisolfm\/wp-json\/wp\/v2\/posts\/27515\/revisions"}],"predecessor-version":[{"id":27517,"href":"https:\/\/sertv.gob.pa\/crisolfm\/wp-json\/wp\/v2\/posts\/27515\/revisions\/27517"}],"wp:featuredmedia":[{"embeddable":true,"href":"https:\/\/sertv.gob.pa\/crisolfm\/wp-json\/wp\/v2\/media\/27516"}],"wp:attachment":[{"href":"https:\/\/sertv.gob.pa\/crisolfm\/wp-json\/wp\/v2\/media?parent=27515"}],"wp:term":[{"taxonomy":"category","embeddable":true,"href":"https:\/\/sertv.gob.pa\/crisolfm\/wp-json\/wp\/v2\/categories?post=27515"},{"taxonomy":"post_tag","embeddable":true,"href":"https:\/\/sertv.gob.pa\/crisolfm\/wp-json\/wp\/v2\/tags?post=27515"}],"curies":[{"name":"wp","href":"https:\/\/api.w.org\/{rel}","templated":true}]}}