{"id":27518,"date":"2020-03-17T15:11:26","date_gmt":"2020-03-17T15:11:26","guid":{"rendered":"https:\/\/sertv.gob.pa\/crisolfm\/?p=27518"},"modified":"2020-03-17T15:11:26","modified_gmt":"2020-03-17T15:11:26","slug":"26-hectareas-de-manglar-en-la-bahia-de-chame-fueron-reforestadas","status":"publish","type":"post","link":"https:\/\/sertv.gob.pa\/crisolfm\/26-hectareas-de-manglar-en-la-bahia-de-chame-fueron-reforestadas\/","title":{"rendered":"26 Hect\u00e1reas de manglar en la bah\u00eda de chame fueron reforestadas."},"content":{"rendered":"<p>El Ministerio de Ambiente Regional de Panam\u00e1 Oeste, en coordinaci\u00f3n con t\u00e9cnicos del Ministerio de Obras P\u00fablicas (MOP), como promotor,\u00a0 y la Constructora MECO, S.A a trav\u00e9s de la empresa subcontratista Ecos Panam\u00e1, llevaron a cabo una gira de inspecci\u00f3n para evaluar el enriquecimiento del \u00e1rea, luego de culminado el proyecto de reforestar\u00a0 26 hect\u00e1reas del bosque de manglar de la Bah\u00eda de Chame, como parte de la compensaci\u00f3n ecol\u00f3gica por el proyecto de Construcci\u00f3n del Intercambiador Vial en la Carretera Panamericana (Howard), tramo: Puente de las Am\u00e9ricas- Arraij\u00e1n.<\/p>\n<p>Marisol Ayola, directora Regional del Ministerio de Ambiente de la provincia Panam\u00e1 Oeste, resalt\u00f3 que la gira de campo se realiz\u00f3 con el objetivo de darle seguimiento al cumplimiento del compromiso del plan de reforestaci\u00f3n que comprende la compensaci\u00f3n ecol\u00f3gica aprobada por MiAMBIENTE.<\/p>\n<p>Gerassy Miranda, ingeniera ambiental del MOP, enfatiz\u00f3 que \u00a0se ha realizado una compensaci\u00f3n ecol\u00f3gica reforestando el mangle; proporcionando un plan de manejo de restauraci\u00f3n de la Bah\u00eda de Chame.<\/p>\n<p>Seg\u00fan Carlos Eduardo Gonz\u00e1lez, representante de la empresa subcontratista Ecos Panam\u00e1,\u00a0 responsable de la reforestaci\u00f3n,\u00a0 manifest\u00f3 que est\u00e1s plantaciones se realizaron\u00a0 a trav\u00e9s del sistema de siembra directa de prop\u00e1gulos. Se\u00f1al\u00f3, adem\u00e1s, que esta actividad inici\u00f3 en el mes de noviembre del a\u00f1o pasado y culmin\u00f3 en febrero del presente a\u00f1o.<\/p>\n<p>\u201cA<em>hora se est\u00e1 realizando la evaluaci\u00f3n en varios puntos donde se pudo identificar prop\u00e1gulos que todav\u00eda est\u00e1n brotando. Una vez instalado el proyecto se\u00a0 le dar\u00e1 seguimiento mediante un monitoreo y mantenimiento durante 5 a\u00f1os, hasta garantizar el restablecimiento; se har\u00e1 entrega oficialmente de la plantaci\u00f3n, seg\u00fan consta en la resoluci\u00f3n\u00a0 dictada por\u00a0 MiAMBIENTE en cuanto a t\u00e9rminos de reforestaci\u00f3n<\/em>\u201d, detall\u00f3 Gonz\u00e1lez.<\/p>\n<p>Fuente: Mi Ambiente<\/p>\n","protected":false},"excerpt":{"rendered":"<p>El Ministerio de Ambiente Regional de Panam\u00e1 Oeste, en coordinaci\u00f3n <a href=\"https:\/\/sertv.gob.pa\/crisolfm\/26-hectareas-de-manglar-en-la-bahia-de-chame-fueron-reforestadas\/\"> [&#8230;]<\/a><\/p>\n","protected":false},"author":64,"featured_media":27519,"comment_status":"closed","ping_status":"closed","sticky":false,"template":"","format":"standard","meta":{"footnotes":""},"categories":[7],"tags":[],"class_list":["post-27518","post","type-post","status-publish","format-standard","has-post-thumbnail","hentry","category-ecologicas"],"_links":{"self":[{"href":"https:\/\/sertv.gob.pa\/crisolfm\/wp-json\/wp\/v2\/posts\/27518","targetHints":{"allow":["GET"]}}],"collection":[{"href":"https:\/\/sertv.gob.pa\/crisolfm\/wp-json\/wp\/v2\/posts"}],"about":[{"href":"https:\/\/sertv.gob.pa\/crisolfm\/wp-json\/wp\/v2\/types\/post"}],"author":[{"embeddable":true,"href":"https:\/\/sertv.gob.pa\/crisolfm\/wp-json\/wp\/v2\/users\/64"}],"replies":[{"embeddable":true,"href":"https:\/\/sertv.gob.pa\/crisolfm\/wp-json\/wp\/v2\/comments?post=27518"}],"version-history":[{"count":1,"href":"https:\/\/sertv.gob.pa\/crisolfm\/wp-json\/wp\/v2\/posts\/27518\/revisions"}],"predecessor-version":[{"id":27523,"href":"https:\/\/sertv.gob.pa\/crisolfm\/wp-json\/wp\/v2\/posts\/27518\/revisions\/27523"}],"wp:featuredmedia":[{"embeddable":true,"href":"https:\/\/sertv.gob.pa\/crisolfm\/wp-json\/wp\/v2\/media\/27519"}],"wp:attachment":[{"href":"https:\/\/sertv.gob.pa\/crisolfm\/wp-json\/wp\/v2\/media?parent=27518"}],"wp:term":[{"taxonomy":"category","embeddable":true,"href":"https:\/\/sertv.gob.pa\/crisolfm\/wp-json\/wp\/v2\/categories?post=27518"},{"taxonomy":"post_tag","embeddable":true,"href":"https:\/\/sertv.gob.pa\/crisolfm\/wp-json\/wp\/v2\/tags?post=27518"}],"curies":[{"name":"wp","href":"https:\/\/api.w.org\/{rel}","templated":true}]}}