{"id":27544,"date":"2020-03-18T14:01:21","date_gmt":"2020-03-18T14:01:21","guid":{"rendered":"https:\/\/sertv.gob.pa\/crisolfm\/?p=27544"},"modified":"2020-03-18T14:01:21","modified_gmt":"2020-03-18T14:01:21","slug":"el-diccionario-de-la-rae-abre-la-puerta-a-coronavirus-y-cuarentenar","status":"publish","type":"post","link":"https:\/\/sertv.gob.pa\/crisolfm\/el-diccionario-de-la-rae-abre-la-puerta-a-coronavirus-y-cuarentenar\/","title":{"rendered":"El Diccionario de la RAE abre la puerta a \u00abcoronavirus\u00bb y \u00abcuarentenar\u00bb"},"content":{"rendered":"<p>La cuarentena que hagan las personas enfermas de coronavirus no tiene por qu\u00e9 referirse \u00abnecesariamente\u00bb a periodos de cuarenta d\u00edas, ya que el t\u00e9rmino alude a plazos \u00abvariables\u00bb, seg\u00fan ha explicado la<strong>Real Academia Espa\u00f1ola <\/strong>(RAE), que no descarta la futura entrada en el diccionario de las palabras \u00abcoronavirus\u00bb o \u00abcuarentenar\u00bb.<\/p>\n<p>\u00abPese al origen de la palabra, el tiempo que dura una<strong> cuarentena<\/strong>puede variar seg\u00fan el caso\u00bb, ha se\u00f1alado en un documento enviado a Ep la RAE, que recuerda una de las acepciones de esta palabra en el diccionario -\u00abaislamiento preventivo a que se somete durante un per\u00edodo de tiempo, por razones sanitarias, a personas y animales\u00bb- y pone un ejemplo -\u00abnos ordenaron guardar una estricta cuarentena de doce d\u00edas\u00bb-.<\/p>\n<p>El director de la RAE, <strong>Santiago Mu\u00f1oz Machado<\/strong>, ha explicado que la crisis sanitaria \u00abgenerar\u00e1 por s\u00ed misma palabras que habr\u00e1 que atender\u00bb. \u00abCircunstancias como las que vivimos producen palabras nuevas, pero que suelen ser ef\u00edmeras. Aunque se pongan muy de moda, luego desaparecen\u00bb, ha apuntado el acad\u00e9mico.<\/p>\n<p>\u00abQuiz\u00e1s nos acordemos siempre de &#8216;coronavirus&#8217;, porque es una palabra que ya ha entrado en nuestra conversaci\u00f3n ordinaria, pero, m\u00e1s all\u00e1 del<strong> simbolismo social<\/strong> que ha alcanzado ese t\u00e9rmino, no creo que el entorno de la crisis genere muchos vocablos que tengamos que eternizar en el diccionario\u00bb, ha se\u00f1alado Mu\u00f1oz Machado.<\/p>\n<p>La RAE dejar\u00e1 en las manos de los hispanohablantes la incorporaci\u00f3n de \u00abcuarentenar\u00bb en el diccionario. \u00abLo que ellos decidan. Si les gusta &#8216;cuarentenar&#8217;, y se usa mucho y permanece, nosotros con mucho gusto lo incorporaremos al <strong>acervo del espa\u00f1ol<\/strong>. Quien crea palabras es el hispanohablante, los que usan la lengua: la Academia toma nota y cuando est\u00e1 suficientemente extendido, se reconoce\u00bb, ha indicado.<\/p>\n<h3 class=\"ladillo\">Propuesta para estudio<\/h3>\n<p>Adem\u00e1s, la instituci\u00f3n ofrece otros apuntes sobre la escritura de la palabra \u00abcoronavirus\u00bb, que se debe escribir en una sola palabra y con min\u00fascula inicial si se usa como nombre com\u00fan del virus -y que ya ha sido propuesta para su estudio y posterior incorporaci\u00f3n al diccionario-.<\/p>\n<p>Respecto a la abreviatura <strong>\u00abCOVID-19\u00bb,<\/strong> un acr\u00f3nimo, afirma que lo indicado es escribirlo con may\u00fasculas en todas sus letras. \u00abSolo si con el tiempo llegara a convertirse enteramente en el nombre com\u00fan de la enfermedad, la escritura indicada ser\u00eda en min\u00fasculas, &#8216;covid-19&#8217;\u00bb, ha matizado.<\/p>\n<p>\u00abCoronavirus\u00bb es<strong> invariable en plural <\/strong>y, en cuanto a su g\u00e9nero, lo m\u00e1s adecuado ser\u00eda el uso del femenino -si se supone el sustantivo t\u00e1cito \u00abenfermedad\u00bb-, aunque reconoce que lo m\u00e1s frecuente es el masculino porque se emplea \u00abcoronavirus\u00bb para referirse a \u00abla enfermedad del coronavirus\u00bb. Adem\u00e1s, recuerda que el adjetivo \u00abglobal\u00bb junto a la palabra \u00abpandemia\u00bb \u00absirve para recalcar la magnitud de su extensi\u00f3n\u00bb.<\/p>\n<p>Fuente: ABC<\/p>\n","protected":false},"excerpt":{"rendered":"<p>La cuarentena que hagan las personas enfermas de coronavirus no <a href=\"https:\/\/sertv.gob.pa\/crisolfm\/el-diccionario-de-la-rae-abre-la-puerta-a-coronavirus-y-cuarentenar\/\"> [&#8230;]<\/a><\/p>\n","protected":false},"author":64,"featured_media":27545,"comment_status":"closed","ping_status":"closed","sticky":false,"template":"","format":"standard","meta":{"footnotes":""},"categories":[6],"tags":[],"class_list":["post-27544","post","type-post","status-publish","format-standard","has-post-thumbnail","hentry","category-culturales"],"_links":{"self":[{"href":"https:\/\/sertv.gob.pa\/crisolfm\/wp-json\/wp\/v2\/posts\/27544","targetHints":{"allow":["GET"]}}],"collection":[{"href":"https:\/\/sertv.gob.pa\/crisolfm\/wp-json\/wp\/v2\/posts"}],"about":[{"href":"https:\/\/sertv.gob.pa\/crisolfm\/wp-json\/wp\/v2\/types\/post"}],"author":[{"embeddable":true,"href":"https:\/\/sertv.gob.pa\/crisolfm\/wp-json\/wp\/v2\/users\/64"}],"replies":[{"embeddable":true,"href":"https:\/\/sertv.gob.pa\/crisolfm\/wp-json\/wp\/v2\/comments?post=27544"}],"version-history":[{"count":1,"href":"https:\/\/sertv.gob.pa\/crisolfm\/wp-json\/wp\/v2\/posts\/27544\/revisions"}],"predecessor-version":[{"id":27546,"href":"https:\/\/sertv.gob.pa\/crisolfm\/wp-json\/wp\/v2\/posts\/27544\/revisions\/27546"}],"wp:featuredmedia":[{"embeddable":true,"href":"https:\/\/sertv.gob.pa\/crisolfm\/wp-json\/wp\/v2\/media\/27545"}],"wp:attachment":[{"href":"https:\/\/sertv.gob.pa\/crisolfm\/wp-json\/wp\/v2\/media?parent=27544"}],"wp:term":[{"taxonomy":"category","embeddable":true,"href":"https:\/\/sertv.gob.pa\/crisolfm\/wp-json\/wp\/v2\/categories?post=27544"},{"taxonomy":"post_tag","embeddable":true,"href":"https:\/\/sertv.gob.pa\/crisolfm\/wp-json\/wp\/v2\/tags?post=27544"}],"curies":[{"name":"wp","href":"https:\/\/api.w.org\/{rel}","templated":true}]}}