{"id":27550,"date":"2020-03-18T14:42:38","date_gmt":"2020-03-18T14:42:38","guid":{"rendered":"https:\/\/sertv.gob.pa\/crisolfm\/?p=27550"},"modified":"2020-03-18T14:42:38","modified_gmt":"2020-03-18T14:42:38","slug":"los-santos-toma-medidas-sanitarias-ante-el-covid-19","status":"publish","type":"post","link":"https:\/\/sertv.gob.pa\/crisolfm\/los-santos-toma-medidas-sanitarias-ante-el-covid-19\/","title":{"rendered":"Los Santos toma medidas sanitarias ante el COVID-19"},"content":{"rendered":"<p>Ante el estado de Emergencia Nacional decretado por el Gobierno Nacional, todas las entidades de Gobierno que conforman la tarea conjunta est\u00e1n uniendo esfuerzos para evitar que se propague el corona virus en la provincia de Los Santos.<\/p>\n<p>Algunas de las principales iniciativas implementadas incluyen:<\/p>\n<ul>\n<li>Constante comunicaci\u00f3n en medios radiales y programas de opini\u00f3n de la provincia, reiterando las campa\u00f1as de prevenci\u00f3n y rotulando mensajes en supermercados, bancos, empresas privadas como medidas de prevenci\u00f3n ante la llegada del COVID -19.<\/li>\n<li>As\u00ed mismo se est\u00e1 limitando la cantidad de personas en los supermercados, bancos de la localidad; en ambos lugares, se \u00a0maneja un espacio de control de contacto de persona a persona, adem\u00e1s de la implementaci\u00f3n\u00a0 al entrar y salir de la aplicaci\u00f3n de alcohol, entre otras<\/li>\n<\/ul>\n<p>En la regional de Los Santos, se mandaron de vacaciones a funcionarios entre las edades de 60 a\u00f1os y con enfermedades cr\u00f3nicas, por considerarse una poblaci\u00f3n vulnerable para minimizar los posibles riesgos de contagio.<\/p>\n<p>Finalmente, enviamos un llamado a seguir los controles sanitarios indicados por el Ministerio de Salud, a trav\u00e9s de los comunicados diarios y en su p\u00e1gina web.<\/p>\n<p>Fuente: Mi Ambiente<\/p>\n","protected":false},"excerpt":{"rendered":"<p>Ante el estado de Emergencia Nacional decretado por el Gobierno <a href=\"https:\/\/sertv.gob.pa\/crisolfm\/los-santos-toma-medidas-sanitarias-ante-el-covid-19\/\"> [&#8230;]<\/a><\/p>\n","protected":false},"author":64,"featured_media":27551,"comment_status":"closed","ping_status":"closed","sticky":false,"template":"","format":"standard","meta":{"footnotes":""},"categories":[7],"tags":[],"class_list":["post-27550","post","type-post","status-publish","format-standard","has-post-thumbnail","hentry","category-ecologicas"],"_links":{"self":[{"href":"https:\/\/sertv.gob.pa\/crisolfm\/wp-json\/wp\/v2\/posts\/27550","targetHints":{"allow":["GET"]}}],"collection":[{"href":"https:\/\/sertv.gob.pa\/crisolfm\/wp-json\/wp\/v2\/posts"}],"about":[{"href":"https:\/\/sertv.gob.pa\/crisolfm\/wp-json\/wp\/v2\/types\/post"}],"author":[{"embeddable":true,"href":"https:\/\/sertv.gob.pa\/crisolfm\/wp-json\/wp\/v2\/users\/64"}],"replies":[{"embeddable":true,"href":"https:\/\/sertv.gob.pa\/crisolfm\/wp-json\/wp\/v2\/comments?post=27550"}],"version-history":[{"count":1,"href":"https:\/\/sertv.gob.pa\/crisolfm\/wp-json\/wp\/v2\/posts\/27550\/revisions"}],"predecessor-version":[{"id":27552,"href":"https:\/\/sertv.gob.pa\/crisolfm\/wp-json\/wp\/v2\/posts\/27550\/revisions\/27552"}],"wp:featuredmedia":[{"embeddable":true,"href":"https:\/\/sertv.gob.pa\/crisolfm\/wp-json\/wp\/v2\/media\/27551"}],"wp:attachment":[{"href":"https:\/\/sertv.gob.pa\/crisolfm\/wp-json\/wp\/v2\/media?parent=27550"}],"wp:term":[{"taxonomy":"category","embeddable":true,"href":"https:\/\/sertv.gob.pa\/crisolfm\/wp-json\/wp\/v2\/categories?post=27550"},{"taxonomy":"post_tag","embeddable":true,"href":"https:\/\/sertv.gob.pa\/crisolfm\/wp-json\/wp\/v2\/tags?post=27550"}],"curies":[{"name":"wp","href":"https:\/\/api.w.org\/{rel}","templated":true}]}}