{"id":27563,"date":"2020-03-18T19:44:59","date_gmt":"2020-03-18T19:44:59","guid":{"rendered":"https:\/\/sertv.gob.pa\/crisolfm\/?p=27563"},"modified":"2020-03-18T19:44:59","modified_gmt":"2020-03-18T19:44:59","slug":"direccion-regional-de-herrera-toma-medidas-ante-el-covid-19","status":"publish","type":"post","link":"https:\/\/sertv.gob.pa\/crisolfm\/direccion-regional-de-herrera-toma-medidas-ante-el-covid-19\/","title":{"rendered":"Direcci\u00f3n regional de Herrera toma medidas ante el COVID-19"},"content":{"rendered":"<p>Como medida de prevenci\u00f3n del COVID-19,\u00a0 la Direcci\u00f3n Regional del Ministerio de Ambiente en la\u00a0 provincia de\u00a0 Herrera,\u00a0 toma las acciones pertinentes ante el llamado de las autoridades del Gobierno Nacional, que declararon el Estado de Emergencia Nacional ante la pandemia mundial.<\/p>\n<p>Alejandro Quintero, director regional en Herrera, inform\u00f3 que entre las principales medidas que tomaron para contrarrestar el virus destaca lo siguiente:<\/p>\n<ul>\n<li>Vacaciones o tiempo compensatorio a todos los funcionarios mayores de 60 a\u00f1os, con enfermedades cr\u00f3nicas o con familiares enfermos, por considerarse la poblaci\u00f3n en riesgo.<\/li>\n<\/ul>\n<p>Como medidas de prevenci\u00f3n del usuario y el servidor p\u00fablico, el titular puntualiz\u00f3 que solo se ver\u00e1n casos de urgencia notoria como:<\/p>\n<ul>\n<li>Delitos ambientales, denuncias, y se otorgar\u00e1n permisos\u00a0 de tala estrictamente necesaria, como es el caso de \u00e1rboles que signifiquen un peligro a la ciudadan\u00eda.<\/li>\n<\/ul>\n<p>De igual manera, el director se\u00f1al\u00f3 que se evitar\u00e1 atender al\u00a0 p\u00fablico directamente, se recibir\u00e1n\u00a0 llamadas, entrega y retiro de documentaci\u00f3n con la debida protecci\u00f3n y la prevenci\u00f3n de cada servidor p\u00fablico.<\/p>\n<p>En tal sentido, Quintero agradeci\u00f3 la comprensi\u00f3n de todos y su cooperaci\u00f3n para continuar con las labores m\u00e1s apremiantes tomando en consideraci\u00f3n las recomendaciones del Ministerio de Salud.<\/p>\n<p>Fuente: Mi Ambiente<\/p>\n","protected":false},"excerpt":{"rendered":"<p>Como medida de prevenci\u00f3n del COVID-19,\u00a0 la Direcci\u00f3n Regional del <a href=\"https:\/\/sertv.gob.pa\/crisolfm\/direccion-regional-de-herrera-toma-medidas-ante-el-covid-19\/\"> [&#8230;]<\/a><\/p>\n","protected":false},"author":64,"featured_media":27564,"comment_status":"closed","ping_status":"closed","sticky":false,"template":"","format":"standard","meta":{"footnotes":""},"categories":[7],"tags":[],"class_list":["post-27563","post","type-post","status-publish","format-standard","has-post-thumbnail","hentry","category-ecologicas"],"_links":{"self":[{"href":"https:\/\/sertv.gob.pa\/crisolfm\/wp-json\/wp\/v2\/posts\/27563","targetHints":{"allow":["GET"]}}],"collection":[{"href":"https:\/\/sertv.gob.pa\/crisolfm\/wp-json\/wp\/v2\/posts"}],"about":[{"href":"https:\/\/sertv.gob.pa\/crisolfm\/wp-json\/wp\/v2\/types\/post"}],"author":[{"embeddable":true,"href":"https:\/\/sertv.gob.pa\/crisolfm\/wp-json\/wp\/v2\/users\/64"}],"replies":[{"embeddable":true,"href":"https:\/\/sertv.gob.pa\/crisolfm\/wp-json\/wp\/v2\/comments?post=27563"}],"version-history":[{"count":1,"href":"https:\/\/sertv.gob.pa\/crisolfm\/wp-json\/wp\/v2\/posts\/27563\/revisions"}],"predecessor-version":[{"id":27566,"href":"https:\/\/sertv.gob.pa\/crisolfm\/wp-json\/wp\/v2\/posts\/27563\/revisions\/27566"}],"wp:featuredmedia":[{"embeddable":true,"href":"https:\/\/sertv.gob.pa\/crisolfm\/wp-json\/wp\/v2\/media\/27564"}],"wp:attachment":[{"href":"https:\/\/sertv.gob.pa\/crisolfm\/wp-json\/wp\/v2\/media?parent=27563"}],"wp:term":[{"taxonomy":"category","embeddable":true,"href":"https:\/\/sertv.gob.pa\/crisolfm\/wp-json\/wp\/v2\/categories?post=27563"},{"taxonomy":"post_tag","embeddable":true,"href":"https:\/\/sertv.gob.pa\/crisolfm\/wp-json\/wp\/v2\/tags?post=27563"}],"curies":[{"name":"wp","href":"https:\/\/api.w.org\/{rel}","templated":true}]}}