{"id":27584,"date":"2020-03-19T13:41:15","date_gmt":"2020-03-19T13:41:15","guid":{"rendered":"https:\/\/sertv.gob.pa\/crisolfm\/?p=27584"},"modified":"2020-03-19T13:41:15","modified_gmt":"2020-03-19T13:41:15","slug":"mi-ambiente-en-veraguas-se-una-a-la-prevencion-contra-el-covid-19","status":"publish","type":"post","link":"https:\/\/sertv.gob.pa\/crisolfm\/mi-ambiente-en-veraguas-se-una-a-la-prevencion-contra-el-covid-19\/","title":{"rendered":"Mi Ambiente en Veraguas se una a la prevenci\u00f3n contra el COVID-19"},"content":{"rendered":"<p>La Direcci\u00f3n Regional de Mi Ambiente en Veraguas se une a la fuerza de prevenci\u00f3n contra el Coronavirus (COVID-19) que ha afectado nuestra regi\u00f3n, el pa\u00eds y el mundo entero.<\/p>\n<p>Siguiendo las medidas por parte del Ministerio de Salud y protegiendo la salud de nuestros funcionarios, se intensifica la seguridad sanitaria con la iniciativa de limpiar todas las \u00e1reas de trabajo, oficinas, agencias y puestos de control para mayor seguridad y debida prevenci\u00f3n con todos los art\u00edculos de limpieza e implementos de protecci\u00f3n ante esta crisis.<\/p>\n<p>Los funcionarios mayores de 60 a\u00f1os y aquellos que tengan familiares que padezcan alg\u00fan tipo de enfermedad se acataron a las directrices de la Direcci\u00f3n de Recursos Humanos tomando sus vacaciones o tiempos compensatorios. De igual manera aquellos funcionarios con su tiempo acumulado, fueron aprobados por sus jefes inmediatos, as\u00ed se cumple con que la mayor\u00eda del personal pueda quedarse en casa y prevenir la propagaci\u00f3n del virus COVID-19.<\/p>\n<p>No se est\u00e1 atendiendo al p\u00fablico en las instalaciones y se mantiene la vigilancia en las \u00e1reas protegidas en conjunto con la Polic\u00eda Ambiental para aquellas personas que insistan en ir a visitarlas.<\/p>\n<p>Por \u00faltimo hacemos llamado a la poblaci\u00f3n verag\u00fcense para que se mantengan en casa, sigan las indicaciones del Ministerio de Salud y as\u00ed evitaremos que este virus se propague y podamos salir de esta crisis, que ha llevado la vida de muchos en todo el globo terr\u00e1queo.<\/p>\n<p>Fuente: Mi Ambiente<\/p>\n","protected":false},"excerpt":{"rendered":"<p>La Direcci\u00f3n Regional de Mi Ambiente en Veraguas se une <a href=\"https:\/\/sertv.gob.pa\/crisolfm\/mi-ambiente-en-veraguas-se-una-a-la-prevencion-contra-el-covid-19\/\"> [&#8230;]<\/a><\/p>\n","protected":false},"author":64,"featured_media":27587,"comment_status":"closed","ping_status":"closed","sticky":false,"template":"","format":"standard","meta":{"footnotes":""},"categories":[7],"tags":[],"class_list":["post-27584","post","type-post","status-publish","format-standard","has-post-thumbnail","hentry","category-ecologicas"],"_links":{"self":[{"href":"https:\/\/sertv.gob.pa\/crisolfm\/wp-json\/wp\/v2\/posts\/27584","targetHints":{"allow":["GET"]}}],"collection":[{"href":"https:\/\/sertv.gob.pa\/crisolfm\/wp-json\/wp\/v2\/posts"}],"about":[{"href":"https:\/\/sertv.gob.pa\/crisolfm\/wp-json\/wp\/v2\/types\/post"}],"author":[{"embeddable":true,"href":"https:\/\/sertv.gob.pa\/crisolfm\/wp-json\/wp\/v2\/users\/64"}],"replies":[{"embeddable":true,"href":"https:\/\/sertv.gob.pa\/crisolfm\/wp-json\/wp\/v2\/comments?post=27584"}],"version-history":[{"count":1,"href":"https:\/\/sertv.gob.pa\/crisolfm\/wp-json\/wp\/v2\/posts\/27584\/revisions"}],"predecessor-version":[{"id":27588,"href":"https:\/\/sertv.gob.pa\/crisolfm\/wp-json\/wp\/v2\/posts\/27584\/revisions\/27588"}],"wp:featuredmedia":[{"embeddable":true,"href":"https:\/\/sertv.gob.pa\/crisolfm\/wp-json\/wp\/v2\/media\/27587"}],"wp:attachment":[{"href":"https:\/\/sertv.gob.pa\/crisolfm\/wp-json\/wp\/v2\/media?parent=27584"}],"wp:term":[{"taxonomy":"category","embeddable":true,"href":"https:\/\/sertv.gob.pa\/crisolfm\/wp-json\/wp\/v2\/categories?post=27584"},{"taxonomy":"post_tag","embeddable":true,"href":"https:\/\/sertv.gob.pa\/crisolfm\/wp-json\/wp\/v2\/tags?post=27584"}],"curies":[{"name":"wp","href":"https:\/\/api.w.org\/{rel}","templated":true}]}}