{"id":27593,"date":"2020-03-19T14:49:25","date_gmt":"2020-03-19T14:49:25","guid":{"rendered":"https:\/\/sertv.gob.pa\/crisolfm\/?p=27593"},"modified":"2020-03-19T14:49:25","modified_gmt":"2020-03-19T14:49:25","slug":"micultura-y-parque-natural-metropolitano-interesados-en-unir-esfuerzos-ambientales","status":"publish","type":"post","link":"https:\/\/sertv.gob.pa\/crisolfm\/micultura-y-parque-natural-metropolitano-interesados-en-unir-esfuerzos-ambientales\/","title":{"rendered":"MiCultura y Parque Natural Metropolitano interesados en unir esfuerzos ambientales"},"content":{"rendered":"<p>El Ministerio de Cultura realiz\u00f3 una visita de cortes\u00eda al Parque Natural Metropolitano para mostrar avances en el proyecto de Ciudad de las Artes y presentar la iniciativa de un Complejo Cultural Ambiental.<\/p>\n<p>Producto del encuentro, los directivos del ministerio y la administraci\u00f3n del Parque Natural Metropolitano mostraron inter\u00e9s de firmar un convenio entre ambas instituciones para unir los esfuerzos de preservaci\u00f3n tanto cultura como medio ambiental.<\/p>\n<p>Los equipos del Ministerio de Cultura y del Parque Natural Metropolitano abrieron la agenda para intercambiar criterios e ideas de la futura construcci\u00f3n de dicho complejo cultural, que respetar\u00e1 y preservar\u00e1 los espacios ambientales del \u00e1rea en donde se realizar\u00e1 el proyecto.<\/p>\n<p>El ministro Carlos Aguilar Navarro, explic\u00f3 al equipo directivo del Parque Natural Metropolitano que dentro del proyecto habr\u00e1 caminos de acceso propios de la Ciudad de las Artes que logren conexiones naturales a trav\u00e9s de senderos, siempre buscando proteger el bosque como parte del ecosistema.<\/p>\n<p>\u201cSe trata de conversar y aunar esfuerzos para trabajar en conjunto y tener claro el objetivo de siempre preservar el medio ambiente\u201d, resalt\u00f3 Aguilar Navarro.<\/p>\n<p>De igual manera, tanto el ministerio como la directiva del parque coincidieron en comunicar, tanto para las comunidades como para los actores claves relacionados con este los proyectos que tengan impacto al medio ambiente, a trav\u00e9s de herramientas de difusi\u00f3n que informen de manera responsable sobre el avance de estas iniciativas.<\/p>\n<p>Fuente: Mi Ambiente<\/p>\n","protected":false},"excerpt":{"rendered":"<p>El Ministerio de Cultura realiz\u00f3 una visita de cortes\u00eda al <a href=\"https:\/\/sertv.gob.pa\/crisolfm\/micultura-y-parque-natural-metropolitano-interesados-en-unir-esfuerzos-ambientales\/\"> [&#8230;]<\/a><\/p>\n","protected":false},"author":64,"featured_media":27510,"comment_status":"closed","ping_status":"closed","sticky":false,"template":"","format":"standard","meta":{"footnotes":""},"categories":[6],"tags":[],"class_list":["post-27593","post","type-post","status-publish","format-standard","has-post-thumbnail","hentry","category-culturales"],"_links":{"self":[{"href":"https:\/\/sertv.gob.pa\/crisolfm\/wp-json\/wp\/v2\/posts\/27593","targetHints":{"allow":["GET"]}}],"collection":[{"href":"https:\/\/sertv.gob.pa\/crisolfm\/wp-json\/wp\/v2\/posts"}],"about":[{"href":"https:\/\/sertv.gob.pa\/crisolfm\/wp-json\/wp\/v2\/types\/post"}],"author":[{"embeddable":true,"href":"https:\/\/sertv.gob.pa\/crisolfm\/wp-json\/wp\/v2\/users\/64"}],"replies":[{"embeddable":true,"href":"https:\/\/sertv.gob.pa\/crisolfm\/wp-json\/wp\/v2\/comments?post=27593"}],"version-history":[{"count":1,"href":"https:\/\/sertv.gob.pa\/crisolfm\/wp-json\/wp\/v2\/posts\/27593\/revisions"}],"predecessor-version":[{"id":27594,"href":"https:\/\/sertv.gob.pa\/crisolfm\/wp-json\/wp\/v2\/posts\/27593\/revisions\/27594"}],"wp:featuredmedia":[{"embeddable":true,"href":"https:\/\/sertv.gob.pa\/crisolfm\/wp-json\/wp\/v2\/media\/27510"}],"wp:attachment":[{"href":"https:\/\/sertv.gob.pa\/crisolfm\/wp-json\/wp\/v2\/media?parent=27593"}],"wp:term":[{"taxonomy":"category","embeddable":true,"href":"https:\/\/sertv.gob.pa\/crisolfm\/wp-json\/wp\/v2\/categories?post=27593"},{"taxonomy":"post_tag","embeddable":true,"href":"https:\/\/sertv.gob.pa\/crisolfm\/wp-json\/wp\/v2\/tags?post=27593"}],"curies":[{"name":"wp","href":"https:\/\/api.w.org\/{rel}","templated":true}]}}