{"id":27605,"date":"2020-03-20T13:42:04","date_gmt":"2020-03-20T13:42:04","guid":{"rendered":"https:\/\/sertv.gob.pa\/crisolfm\/?p=27605"},"modified":"2020-03-20T13:42:04","modified_gmt":"2020-03-20T13:42:04","slug":"mi-ambiente-panama-este-toma-medidas-de-higiene-necesarias-ante-el-covid-19","status":"publish","type":"post","link":"https:\/\/sertv.gob.pa\/crisolfm\/mi-ambiente-panama-este-toma-medidas-de-higiene-necesarias-ante-el-covid-19\/","title":{"rendered":"Mi Ambiente Panam\u00e1 este toma medidas de higiene necesarias ante el COVID-19"},"content":{"rendered":"<p>La Direcci\u00f3n Regional de Panam\u00e1 Este, sigue recomendaciones del Ministerio de Salud, en materia de higiene y prevenci\u00f3n contra la pandemia de COVID-19<\/p>\n<p>Elsa Garz\u00f3n, directora regional de MiAMBIENTE Panam\u00e1 Este, ha resaltado a los colaboradores la importancia de aplicar las medidas para evitar el contagio del coronavirus.<\/p>\n<p>Los servidores p\u00fablicos de esta regional del sector este de la provincia, est\u00e1n atendiendo a la poblaci\u00f3n del sector ante casos espec\u00edficos como:<\/p>\n<ul>\n<li>Denuncias de delitos ambientales<\/li>\n<li>Encendidos de masa vegetal<\/li>\n<li>Recorrido y patrullaje en \u00e1reas protegidas.<\/li>\n<\/ul>\n<p>A\u00f1ade que mantiene a su personal, reiter\u00e1ndoles el lavado constante de manos del personal que recibe y entrega documentos de los usuarios.<\/p>\n<p>Adem\u00e1s,\u00a0 se le ha comunicado al p\u00fablico en general que se est\u00e1n atendiendo las consultas v\u00eda telef\u00f3nica en la l\u00ednea <strong>296-7970.<\/strong><\/p>\n<p>Como parte de las recomendaciones emanadas por las autoridades de salud se envi\u00f3 de vacaciones y de tiempo compensatorio a los colaboradores mayores de 60 a\u00f1os, con enfermedades cr\u00f3nicas o con familiares enfermos, por considerarse personas de mayor riesgo de contagio.<\/p>\n<p>Por su parte, solicita a la poblaci\u00f3n del \u00e1rea, la comprensi\u00f3n por las medidas tomadas en la jornada laboral, ante el Estado de Emergencia Nacional en atenci\u00f3n a la pandemia por el contagio del COVID-19,\u00a0 declarado por el Gobierno Nacional.<\/p>\n<p>Fuente: Mi Ambiente<\/p>\n","protected":false},"excerpt":{"rendered":"<p>La Direcci\u00f3n Regional de Panam\u00e1 Este, sigue recomendaciones del Ministerio <a href=\"https:\/\/sertv.gob.pa\/crisolfm\/mi-ambiente-panama-este-toma-medidas-de-higiene-necesarias-ante-el-covid-19\/\"> [&#8230;]<\/a><\/p>\n","protected":false},"author":64,"featured_media":27607,"comment_status":"closed","ping_status":"closed","sticky":false,"template":"","format":"standard","meta":{"footnotes":""},"categories":[7],"tags":[],"class_list":["post-27605","post","type-post","status-publish","format-standard","has-post-thumbnail","hentry","category-ecologicas"],"_links":{"self":[{"href":"https:\/\/sertv.gob.pa\/crisolfm\/wp-json\/wp\/v2\/posts\/27605","targetHints":{"allow":["GET"]}}],"collection":[{"href":"https:\/\/sertv.gob.pa\/crisolfm\/wp-json\/wp\/v2\/posts"}],"about":[{"href":"https:\/\/sertv.gob.pa\/crisolfm\/wp-json\/wp\/v2\/types\/post"}],"author":[{"embeddable":true,"href":"https:\/\/sertv.gob.pa\/crisolfm\/wp-json\/wp\/v2\/users\/64"}],"replies":[{"embeddable":true,"href":"https:\/\/sertv.gob.pa\/crisolfm\/wp-json\/wp\/v2\/comments?post=27605"}],"version-history":[{"count":1,"href":"https:\/\/sertv.gob.pa\/crisolfm\/wp-json\/wp\/v2\/posts\/27605\/revisions"}],"predecessor-version":[{"id":27609,"href":"https:\/\/sertv.gob.pa\/crisolfm\/wp-json\/wp\/v2\/posts\/27605\/revisions\/27609"}],"wp:featuredmedia":[{"embeddable":true,"href":"https:\/\/sertv.gob.pa\/crisolfm\/wp-json\/wp\/v2\/media\/27607"}],"wp:attachment":[{"href":"https:\/\/sertv.gob.pa\/crisolfm\/wp-json\/wp\/v2\/media?parent=27605"}],"wp:term":[{"taxonomy":"category","embeddable":true,"href":"https:\/\/sertv.gob.pa\/crisolfm\/wp-json\/wp\/v2\/categories?post=27605"},{"taxonomy":"post_tag","embeddable":true,"href":"https:\/\/sertv.gob.pa\/crisolfm\/wp-json\/wp\/v2\/tags?post=27605"}],"curies":[{"name":"wp","href":"https:\/\/api.w.org\/{rel}","templated":true}]}}