{"id":27610,"date":"2020-03-20T13:47:58","date_gmt":"2020-03-20T13:47:58","guid":{"rendered":"https:\/\/sertv.gob.pa\/crisolfm\/?p=27610"},"modified":"2020-03-20T13:47:58","modified_gmt":"2020-03-20T13:47:58","slug":"panama-deposita-ante-la-onu-el-instrumento-de-ratificacion-del-acuerdo-de-escazu","status":"publish","type":"post","link":"https:\/\/sertv.gob.pa\/crisolfm\/panama-deposita-ante-la-onu-el-instrumento-de-ratificacion-del-acuerdo-de-escazu\/","title":{"rendered":"Panam\u00e1 deposita ante la ONU el instrumento de ratificaci\u00f3n del acuerdo de Escaz\u00fa"},"content":{"rendered":"<p>Panam\u00e1 deposit\u00f3 oficialmente ante el Secretario General de la Organizaci\u00f3n de Naciones Unidas (ONU), Antonio Guterrez, el instrumento de ratificaci\u00f3n del Acuerdo Regional sobre el Acceso a la Informaci\u00f3n, la Participaci\u00f3n P\u00fablica y el Acceso a la Justicia en Asuntos Ambientales en Am\u00e9rica Latina y el Caribe, mejor conocido como el Acuerdo de Escaz\u00fa. El dep\u00f3sito del instrumento de ratificaci\u00f3n se dio el 10 de marzo\u00a0 del a\u00f1o en curso, convirtiendo a Panam\u00e1 en el octavo pa\u00eds en ratificar este importante acuerdo.<\/p>\n<p>Milciades Concepci\u00f3n, ministro de Ambiente, recibi\u00f3 con benepl\u00e1cito el anuncio;\u00a0\u00a0reafirmando as\u00ed el compromiso de esta instituci\u00f3n con proteger el derecho de toda persona a vivir en un medio ambiente sano, mediante el respeto de los derechos de acceso a la informaci\u00f3n, participaci\u00f3n ciudadana y acceso a la justicia en materia ambiental.<\/p>\n<p>La ratificaci\u00f3n del Acuerdo de Escaz\u00fa reafirma el compromiso del Estado en fortalecer\u00a0las\u00a0capacidades\u00a0nacionales necesarias,\u00a0\u00a0tanto en materia legislativa,\u00a0reglamentaria\u00a0o\u00a0administrativa\u00a0para garantizar la implementaci\u00f3n\u00a0del presente Acuerdo.<\/p>\n<p>Fuente: Mi Ambiente<\/p>\n","protected":false},"excerpt":{"rendered":"<p>Panam\u00e1 deposit\u00f3 oficialmente ante el Secretario General de la Organizaci\u00f3n <a href=\"https:\/\/sertv.gob.pa\/crisolfm\/panama-deposita-ante-la-onu-el-instrumento-de-ratificacion-del-acuerdo-de-escazu\/\"> [&#8230;]<\/a><\/p>\n","protected":false},"author":64,"featured_media":27612,"comment_status":"closed","ping_status":"closed","sticky":false,"template":"","format":"standard","meta":{"footnotes":""},"categories":[7],"tags":[],"class_list":["post-27610","post","type-post","status-publish","format-standard","has-post-thumbnail","hentry","category-ecologicas"],"_links":{"self":[{"href":"https:\/\/sertv.gob.pa\/crisolfm\/wp-json\/wp\/v2\/posts\/27610","targetHints":{"allow":["GET"]}}],"collection":[{"href":"https:\/\/sertv.gob.pa\/crisolfm\/wp-json\/wp\/v2\/posts"}],"about":[{"href":"https:\/\/sertv.gob.pa\/crisolfm\/wp-json\/wp\/v2\/types\/post"}],"author":[{"embeddable":true,"href":"https:\/\/sertv.gob.pa\/crisolfm\/wp-json\/wp\/v2\/users\/64"}],"replies":[{"embeddable":true,"href":"https:\/\/sertv.gob.pa\/crisolfm\/wp-json\/wp\/v2\/comments?post=27610"}],"version-history":[{"count":2,"href":"https:\/\/sertv.gob.pa\/crisolfm\/wp-json\/wp\/v2\/posts\/27610\/revisions"}],"predecessor-version":[{"id":27613,"href":"https:\/\/sertv.gob.pa\/crisolfm\/wp-json\/wp\/v2\/posts\/27610\/revisions\/27613"}],"wp:featuredmedia":[{"embeddable":true,"href":"https:\/\/sertv.gob.pa\/crisolfm\/wp-json\/wp\/v2\/media\/27612"}],"wp:attachment":[{"href":"https:\/\/sertv.gob.pa\/crisolfm\/wp-json\/wp\/v2\/media?parent=27610"}],"wp:term":[{"taxonomy":"category","embeddable":true,"href":"https:\/\/sertv.gob.pa\/crisolfm\/wp-json\/wp\/v2\/categories?post=27610"},{"taxonomy":"post_tag","embeddable":true,"href":"https:\/\/sertv.gob.pa\/crisolfm\/wp-json\/wp\/v2\/tags?post=27610"}],"curies":[{"name":"wp","href":"https:\/\/api.w.org\/{rel}","templated":true}]}}