{"id":27630,"date":"2020-03-21T17:56:51","date_gmt":"2020-03-21T17:56:51","guid":{"rendered":"https:\/\/sertv.gob.pa\/crisolfm\/?p=27630"},"modified":"2020-03-21T17:56:51","modified_gmt":"2020-03-21T17:56:51","slug":"hoy-se-celebra-el-dia-mundial-del-sindrome-de-down","status":"publish","type":"post","link":"https:\/\/sertv.gob.pa\/crisolfm\/hoy-se-celebra-el-dia-mundial-del-sindrome-de-down\/","title":{"rendered":"Hoy se celebra el D\u00eda Mundial del S\u00edndrome de Down"},"content":{"rendered":"<p>Hoy se celebra el <b>D\u00eda Mundial del S\u00edndrome de Down <\/b>decretado por parte de la Asamblea General de las Naciones Unidas\u00a0a partir de 2012.<\/p>\n<p>Con esta celebraci\u00f3n, se quiere aumentar la conciencia p\u00fablica sobre la cuesti\u00f3n y recordar la dignidad inherente, la val\u00eda y las valiosas contribuciones de las personas con discapacidad intelectual como promotores del bienestar y de la diversidad de sus comunidades.<\/p>\n<p>Tambi\u00e9n resalta la importancia de su autonom\u00eda e independencia individual, en particular la libertad de tomar sus propias decisiones.<\/p>\n<p>Feliz D\u00eda a todos.<\/p>\n<p>&nbsp;<\/p>\n<p>&nbsp;<\/p>\n","protected":false},"excerpt":{"rendered":"<p>Hoy se celebra el D\u00eda Mundial del S\u00edndrome de Down <a href=\"https:\/\/sertv.gob.pa\/crisolfm\/hoy-se-celebra-el-dia-mundial-del-sindrome-de-down\/\"> [&#8230;]<\/a><\/p>\n","protected":false},"author":64,"featured_media":27631,"comment_status":"closed","ping_status":"closed","sticky":false,"template":"","format":"standard","meta":{"footnotes":""},"categories":[6],"tags":[],"class_list":["post-27630","post","type-post","status-publish","format-standard","has-post-thumbnail","hentry","category-culturales"],"_links":{"self":[{"href":"https:\/\/sertv.gob.pa\/crisolfm\/wp-json\/wp\/v2\/posts\/27630","targetHints":{"allow":["GET"]}}],"collection":[{"href":"https:\/\/sertv.gob.pa\/crisolfm\/wp-json\/wp\/v2\/posts"}],"about":[{"href":"https:\/\/sertv.gob.pa\/crisolfm\/wp-json\/wp\/v2\/types\/post"}],"author":[{"embeddable":true,"href":"https:\/\/sertv.gob.pa\/crisolfm\/wp-json\/wp\/v2\/users\/64"}],"replies":[{"embeddable":true,"href":"https:\/\/sertv.gob.pa\/crisolfm\/wp-json\/wp\/v2\/comments?post=27630"}],"version-history":[{"count":1,"href":"https:\/\/sertv.gob.pa\/crisolfm\/wp-json\/wp\/v2\/posts\/27630\/revisions"}],"predecessor-version":[{"id":27632,"href":"https:\/\/sertv.gob.pa\/crisolfm\/wp-json\/wp\/v2\/posts\/27630\/revisions\/27632"}],"wp:featuredmedia":[{"embeddable":true,"href":"https:\/\/sertv.gob.pa\/crisolfm\/wp-json\/wp\/v2\/media\/27631"}],"wp:attachment":[{"href":"https:\/\/sertv.gob.pa\/crisolfm\/wp-json\/wp\/v2\/media?parent=27630"}],"wp:term":[{"taxonomy":"category","embeddable":true,"href":"https:\/\/sertv.gob.pa\/crisolfm\/wp-json\/wp\/v2\/categories?post=27630"},{"taxonomy":"post_tag","embeddable":true,"href":"https:\/\/sertv.gob.pa\/crisolfm\/wp-json\/wp\/v2\/tags?post=27630"}],"curies":[{"name":"wp","href":"https:\/\/api.w.org\/{rel}","templated":true}]}}