{"id":27634,"date":"2020-03-23T15:39:30","date_gmt":"2020-03-23T15:39:30","guid":{"rendered":"https:\/\/sertv.gob.pa\/crisolfm\/?p=27634"},"modified":"2020-03-23T15:39:30","modified_gmt":"2020-03-23T15:39:30","slug":"brigadistas-forestales-apagan-incendio-de-masa-vegetal","status":"publish","type":"post","link":"https:\/\/sertv.gob.pa\/crisolfm\/brigadistas-forestales-apagan-incendio-de-masa-vegetal\/","title":{"rendered":"Brigadistas forestales apagan incendio de masa vegetal"},"content":{"rendered":"<p>En labor interinstitucional los Brigadistas Forestales del Ministerio de Ambiente\u00a0(MiAMBIENTE)\u00a0lograron liquidar un Incendio de Masa Vegetal\u00a0(IMAVE)\u00a0registrado dentro del Centro de Investigaci\u00f3n Forestal\u00a0(CIFO), ubicado en el corregimiento de Chiriqu\u00ed en el distrito de David.<\/p>\n<p>El llamado de emergencia fue atendido en un principio por unidades del Benem\u00e9rito Cuerpo de Bomberos.<\/p>\n<p>Al finalizar las labores de extinci\u00f3n los t\u00e9cnicos de MiAMBIENTE determinaron la afectaci\u00f3n en 53 hect\u00e1reas de rastrojo.<\/p>\n<p>\u201cEs preocupante la incidencia de incendios de masa vegetal por lo que hacemos el llamado de atenci\u00f3n a la poblaci\u00f3n a no realizar quemas y si observan a alguien infringiendo la norma de conservaci\u00f3n por favor denunciarlos a las autoridades correspondientes\u201d, exhorta Krislly Quintero, directora regional de MiAMBIENTE.<\/p>\n<p>En la provincia, es el corregimiento de Volc\u00e1n en el distrito de Tierras Altas, uno de los principales sitios de registro de\u00a0\u00a0IMAVE, siendo las zonas pr\u00f3ximas al antiguo vertedero, Cadena de Fr\u00edo, Colegio Secundario de Volc\u00e1n, MINSA CAPSI y urbanizaciones cercanas las m\u00e1s vulnerables.<\/p>\n<p>Estad\u00edsticas de la ONG Salvamento Ambiente y Resiliencia Panam\u00e1, quienes son aliados en la estrategia ambiental del MIAMBIENTE en las Tierras Altas, revelan que en lo que va del a\u00f1o junto a los bomberos, voluntarios ambientales e incluso unidades de la Polic\u00eda Nacional han sofocado al menos unos ocho incendios, todos fuera del Parque Nacional Volc\u00e1n Bar\u00fa\u00a0(PNVB).<\/p>\n<p>Datos de MiAMBIENTE revelan que en el 2018, se registraron afectaciones en 60 hect\u00e1reas en \u00e1reas protegidas, exclusivamente en el \u00e1rea Los Llanos, todas en el mes de marzo, en donde se quemaron bosques plantados (10 has.) y gram\u00edneas (50 has.); mientras que en el 2019, se quemaron 18.5 hect\u00e1reas dentro del PNVB en zona de amortiguamiento.<\/p>\n<p>Fuente: Mi Ambiente<\/p>\n","protected":false},"excerpt":{"rendered":"<p>En labor interinstitucional los Brigadistas Forestales del Ministerio de Ambiente\u00a0(MiAMBIENTE)\u00a0lograron <a href=\"https:\/\/sertv.gob.pa\/crisolfm\/brigadistas-forestales-apagan-incendio-de-masa-vegetal\/\"> [&#8230;]<\/a><\/p>\n","protected":false},"author":64,"featured_media":27635,"comment_status":"closed","ping_status":"closed","sticky":false,"template":"","format":"standard","meta":{"footnotes":""},"categories":[7],"tags":[],"class_list":["post-27634","post","type-post","status-publish","format-standard","has-post-thumbnail","hentry","category-ecologicas"],"_links":{"self":[{"href":"https:\/\/sertv.gob.pa\/crisolfm\/wp-json\/wp\/v2\/posts\/27634","targetHints":{"allow":["GET"]}}],"collection":[{"href":"https:\/\/sertv.gob.pa\/crisolfm\/wp-json\/wp\/v2\/posts"}],"about":[{"href":"https:\/\/sertv.gob.pa\/crisolfm\/wp-json\/wp\/v2\/types\/post"}],"author":[{"embeddable":true,"href":"https:\/\/sertv.gob.pa\/crisolfm\/wp-json\/wp\/v2\/users\/64"}],"replies":[{"embeddable":true,"href":"https:\/\/sertv.gob.pa\/crisolfm\/wp-json\/wp\/v2\/comments?post=27634"}],"version-history":[{"count":1,"href":"https:\/\/sertv.gob.pa\/crisolfm\/wp-json\/wp\/v2\/posts\/27634\/revisions"}],"predecessor-version":[{"id":27637,"href":"https:\/\/sertv.gob.pa\/crisolfm\/wp-json\/wp\/v2\/posts\/27634\/revisions\/27637"}],"wp:featuredmedia":[{"embeddable":true,"href":"https:\/\/sertv.gob.pa\/crisolfm\/wp-json\/wp\/v2\/media\/27635"}],"wp:attachment":[{"href":"https:\/\/sertv.gob.pa\/crisolfm\/wp-json\/wp\/v2\/media?parent=27634"}],"wp:term":[{"taxonomy":"category","embeddable":true,"href":"https:\/\/sertv.gob.pa\/crisolfm\/wp-json\/wp\/v2\/categories?post=27634"},{"taxonomy":"post_tag","embeddable":true,"href":"https:\/\/sertv.gob.pa\/crisolfm\/wp-json\/wp\/v2\/tags?post=27634"}],"curies":[{"name":"wp","href":"https:\/\/api.w.org\/{rel}","templated":true}]}}