{"id":27638,"date":"2020-03-23T16:01:09","date_gmt":"2020-03-23T16:01:09","guid":{"rendered":"https:\/\/sertv.gob.pa\/crisolfm\/?p=27638"},"modified":"2020-03-23T16:01:09","modified_gmt":"2020-03-23T16:01:09","slug":"mi-ambiente-realiza-jornada-de-concienciacion-contra-el-covid-19","status":"publish","type":"post","link":"https:\/\/sertv.gob.pa\/crisolfm\/mi-ambiente-realiza-jornada-de-concienciacion-contra-el-covid-19\/","title":{"rendered":"Mi Ambiente realiza jornada de concienciaci\u00f3n contra el COVID-19"},"content":{"rendered":"<p>La Direcci\u00f3n Regional del Ministerio de Ambiente, en la provincia de Chiriqu\u00ed, realiz\u00f3 jornada de concienciaci\u00f3n ciudadana en la prevenci\u00f3n del coronavirus en los distritos de Renacimiento, Tierras Altas y Bugaba.<\/p>\n<p>La jornada forma parte de la estrategia nacional de docencia que lideriza el Gobierno Nacional a trav\u00e9s de las instituciones de salud y dem\u00e1s ministerios para la concienciaci\u00f3n comunitaria en la prevenci\u00f3n a trav\u00e9s del lavado de las manos con agua y jab\u00f3n, y quedarse en casa.<\/p>\n<p>El recorrido se desarroll\u00f3 en las principales urbes de Volc\u00e1n, Cerro Punta, Cuesta de Piedras, Paso Ancho, La Concepci\u00f3n, El Porvenir, San Miguel del Yuco y en las comunidades fronterizas de R\u00edo Sereno, Monte Lirio y Santa Clara, adem\u00e1s de colocar afiches en el Municipio de Renacimiento, de Tierras Altas y en la agencia de MiAMBIENTE en Volc\u00e1n, en donde el enlace de cultura ambiental confeccion\u00f3 mural informativo.<\/p>\n<p>En la jornada se visit\u00f3 las agencias del Ministerio de Agropecuario, Banco de Desarrollo Agropecuario, Banco Nacional de Panam\u00e1.<\/p>\n<p>En los puestos de control del Servicio Nacional de Fronteras, en donde se encontraba personal del Ministerio de Salud, se colabor\u00f3 en la generaci\u00f3n de conciencia ciudadana en especial por a la poblaci\u00f3n migratoria de la Comarca Ng\u00e4be-Bugl\u00e9.<\/p>\n<p>A nivel nacional se contin\u00faa con la campa\u00f1a #qu\u00e9dateencasa adem\u00e1s de la puesta en pr\u00e1ctica de las estrategias sanitarias para evitar la propagaci\u00f3n del COVID-19.<\/p>\n<p>Fuente: Mi Ambiente<\/p>\n","protected":false},"excerpt":{"rendered":"<p>La Direcci\u00f3n Regional del Ministerio de Ambiente, en la provincia <a href=\"https:\/\/sertv.gob.pa\/crisolfm\/mi-ambiente-realiza-jornada-de-concienciacion-contra-el-covid-19\/\"> [&#8230;]<\/a><\/p>\n","protected":false},"author":64,"featured_media":27639,"comment_status":"closed","ping_status":"closed","sticky":false,"template":"","format":"standard","meta":{"footnotes":""},"categories":[7],"tags":[],"class_list":["post-27638","post","type-post","status-publish","format-standard","has-post-thumbnail","hentry","category-ecologicas"],"_links":{"self":[{"href":"https:\/\/sertv.gob.pa\/crisolfm\/wp-json\/wp\/v2\/posts\/27638","targetHints":{"allow":["GET"]}}],"collection":[{"href":"https:\/\/sertv.gob.pa\/crisolfm\/wp-json\/wp\/v2\/posts"}],"about":[{"href":"https:\/\/sertv.gob.pa\/crisolfm\/wp-json\/wp\/v2\/types\/post"}],"author":[{"embeddable":true,"href":"https:\/\/sertv.gob.pa\/crisolfm\/wp-json\/wp\/v2\/users\/64"}],"replies":[{"embeddable":true,"href":"https:\/\/sertv.gob.pa\/crisolfm\/wp-json\/wp\/v2\/comments?post=27638"}],"version-history":[{"count":1,"href":"https:\/\/sertv.gob.pa\/crisolfm\/wp-json\/wp\/v2\/posts\/27638\/revisions"}],"predecessor-version":[{"id":27641,"href":"https:\/\/sertv.gob.pa\/crisolfm\/wp-json\/wp\/v2\/posts\/27638\/revisions\/27641"}],"wp:featuredmedia":[{"embeddable":true,"href":"https:\/\/sertv.gob.pa\/crisolfm\/wp-json\/wp\/v2\/media\/27639"}],"wp:attachment":[{"href":"https:\/\/sertv.gob.pa\/crisolfm\/wp-json\/wp\/v2\/media?parent=27638"}],"wp:term":[{"taxonomy":"category","embeddable":true,"href":"https:\/\/sertv.gob.pa\/crisolfm\/wp-json\/wp\/v2\/categories?post=27638"},{"taxonomy":"post_tag","embeddable":true,"href":"https:\/\/sertv.gob.pa\/crisolfm\/wp-json\/wp\/v2\/tags?post=27638"}],"curies":[{"name":"wp","href":"https:\/\/api.w.org\/{rel}","templated":true}]}}