{"id":27661,"date":"2020-03-25T14:14:57","date_gmt":"2020-03-25T14:14:57","guid":{"rendered":"https:\/\/sertv.gob.pa\/crisolfm\/?p=27661"},"modified":"2020-03-25T14:14:57","modified_gmt":"2020-03-25T14:14:57","slug":"la-crisis-sanitaria-del-covid-19-pone-en-el-punto-de-mira-la-escasez-de-agua-en-el-planeta","status":"publish","type":"post","link":"https:\/\/sertv.gob.pa\/crisolfm\/la-crisis-sanitaria-del-covid-19-pone-en-el-punto-de-mira-la-escasez-de-agua-en-el-planeta\/","title":{"rendered":"La crisis sanitaria del Covid-19 pone en el punto de mira la escasez de agua en el planeta"},"content":{"rendered":"<p class=\"entradilla\">Laia Mataix.- La situaci\u00f3n sanitaria que vive el mundo como consecuencia del Covid-19 ha puesto en el punto de mira la escasez de agua en muchas regiones del mundo, una carencia que en los \u00faltimos a\u00f1os, adem\u00e1s, se ha visto agravada por la crisis clim\u00e1tica.<\/p>\n<p>Este domingo se conmemora el D\u00eda Mundial del Agua y, si bien este a\u00f1o se centra en el binomio agua y cambio clim\u00e1tico, Naciones Unidas ha querido lanzar un mensaje sobre la importancia de la higiene: lavarse las manos es esencial para contener la propagaci\u00f3n del Covid-19 y muchas otras enfermedades infecciosas, se\u00f1ala en su web este organismo.<\/p>\n<p>Por desgracia, casi 3.000 millones de personas en el mundo no tienen c\u00f3mo lavarse las manos contra el coronavirus, agrega la ONU, que hace un llamamiento a los ciudadanos: \u201csi t\u00fa tienes acceso a agua de calidad y jab\u00f3n, sigue los pasos y \u00fanete a la campa\u00f1a #ManosLimpias (#SafeHands en ingl\u00e9s). Por tu comunidad y por ti\u201d.<\/p>\n<p>La ministra para la Transici\u00f3n Ecol\u00f3gica y Reto Demogr\u00e1fico, Teresa Ribera, subraya que el agua es un \u201cbien escaso y precioso\u201d.<\/p>\n<blockquote><p>En un tuit, Ribera escribe: \u201cHoy es el #D\u00edaMundialdelAgua. Este a\u00f1o, dedicado al #agua y el #CambioClim\u00e1tico. Bien escaso y precioso, agua clave para la #vida y la #salud. Gracias a todos los profesionales que vel\u00e1is por su suministro y potabilizaci\u00f3n, por el saneamiento y depuraci\u00f3n. \u00a1Gracias!\u201d.<\/p><\/blockquote>\n<p>La Agencia Espa\u00f1ola de Cooperaci\u00f3n Internacional para el Desarrollo tambi\u00e9n menciona el agua y la higiene como aliados fundamentales en la lucha contra este coronavirus, al igual que la ONG Acci\u00f3n contra el Hambre.<\/p>\n<p>\u201cEn el D\u00eda Mundial del Agua y con una pandemia de coronavirus que afecta ya a m\u00e1s de 160 pa\u00edses, es imprescindible subrayar el estrecho v\u00ednculo que existe entre el acceso a fuentes de agua limpia y una correcta higiene y los mecanismos para luchar contra todas las epidemias\u201d, afirma Pablo Alcalde, responsable de Agua y Saneamiento de esta organizaci\u00f3n.<\/p>\n<h2>Objetivo de Desarrollo Sostenible n\u00famero 6<\/h2>\n<p>La ONU recuerda, m\u00e1s all\u00e1 del Covid-19, que esta celebraci\u00f3n tiene por objetivo concienciar acerca de la crisis mundial del agua y la necesidad de buscar medidas que logren alcanzar el Objetivo de Desarrollo Sostenible n\u00famero 6: Agua y saneamiento para todos antes de 2030.<\/p>\n<p>Si se limita el calentamiento global a 1,5 grados cent\u00edgrados, el mundo estar\u00e1 mejor preparado para gestionar y resolver la crisis del agua, resume su secretario general, Ant\u00f3nio Guterres.<\/p>\n<blockquote><p>Y es que, el calentamiento global, la deforestaci\u00f3n o el aumento de fen\u00f3menos meteorol\u00f3gicos extremos est\u00e1n agravando la situaci\u00f3n de escasez de agua mundial, lo que necesita de un \u201ccambio de cultura\u201d en su gesti\u00f3n, advierten las organizaciones consultadas por Efe.<\/p><\/blockquote>\n<p>Hay, dicen, que dejar de considerarla como un recurso ilimitado para entenderla como un bien insustituible y escaso.<\/p>\n<p>\u201cEl calentamiento global, la deforestaci\u00f3n y el aumento de los fen\u00f3menos meteorol\u00f3gicos extremos en las \u00faltimas d\u00e9cadas est\u00e1n haciendo que el agua sea m\u00e1s escasa, m\u00e1s impredecible y est\u00e9 m\u00e1s contaminada\u201d, explica la Fundaci\u00f3n We Are Water, que asegura que esto afecta y amenaza la biodiversidad y el desarrollo sostenible.<\/p>\n<div id=\"attachment_134076\" class=\"wp-caption alignright\">\n<p id=\"caption-attachment-134076\" class=\"wp-caption-text\">\n<\/div>\n<p>Desde la Fundaci\u00f3n Bot\u00edn, el director del Observatorio del Agua, Alberto Garrido, opina que \u201ccu\u00e1nto menos agua haya, m\u00e1s dif\u00edcil es mantener su calidad\u201d.<\/p>\n<p>La Fundaci\u00f3n Aquae y la Organizaci\u00f3n para la Cooperaci\u00f3n y el Desarrollo Econ\u00f3micos (OCDE) consideran \u201cimprescindible solucionar los retos del agua\u201d, y abogan tambi\u00e9n por un cambio en la gesti\u00f3n para que las diferentes administraciones, las empresas y la sociedad civil la contemplen como \u201cun recurso valioso que es necesario proteger\u201d.<\/p>\n<h2>ONG ambientalistas: cambios en la gesti\u00f3n del agua<\/h2>\n<p>Por su parte, las organizaciones ambientalistas piden asimismo al Gobierno \u201cun cambio en la gesti\u00f3n del agua\u201d para afrontar la crisis clim\u00e1tica y solicitan medidas de acci\u00f3n \u201cinmediatas\u201d, ya que \u201ccerca de la mitad de las aguas superficiales y subterr\u00e1neas nacionales est\u00e1n en mal estado ecol\u00f3gico\u201d.<\/p>\n<p>Denuncian, adem\u00e1s, \u201cque el mal estado de los humedales m\u00e1s importantes es el ejemplo del incumplimiento de la Directiva Marco del Agua\u201d.<br \/>\nAmigos de la Tierra, Greenpeace, SEO\/BirdLife y WWF Espa\u00f1a exigen \u201cdescartar m\u00e1s infraestructuras hidr\u00e1ulicas, moratorias a nuevos regad\u00edos y concesiones de agua, y mejoras en el control del uso ilegal de agua\u201d.<\/p>\n<p>El resultado de mantener \u201cla tradicional pol\u00edtica hidr\u00e1ulica\u201d se observa, seg\u00fan las organizaciones, \u201cen el colapso ambiental que est\u00e1n sufriendo algunos de los humedales m\u00e1s importantes del sur de Europa, como Do\u00f1ana, el Delta del Ebro o el Mar Menor\u201d.<\/p>\n<p>Fuente: EFEVerde<\/p>\n","protected":false},"excerpt":{"rendered":"<p>Laia Mataix.- La situaci\u00f3n sanitaria que vive el mundo como <a href=\"https:\/\/sertv.gob.pa\/crisolfm\/la-crisis-sanitaria-del-covid-19-pone-en-el-punto-de-mira-la-escasez-de-agua-en-el-planeta\/\"> [&#8230;]<\/a><\/p>\n","protected":false},"author":64,"featured_media":27662,"comment_status":"closed","ping_status":"closed","sticky":false,"template":"","format":"standard","meta":{"footnotes":""},"categories":[7],"tags":[],"class_list":["post-27661","post","type-post","status-publish","format-standard","has-post-thumbnail","hentry","category-ecologicas"],"_links":{"self":[{"href":"https:\/\/sertv.gob.pa\/crisolfm\/wp-json\/wp\/v2\/posts\/27661","targetHints":{"allow":["GET"]}}],"collection":[{"href":"https:\/\/sertv.gob.pa\/crisolfm\/wp-json\/wp\/v2\/posts"}],"about":[{"href":"https:\/\/sertv.gob.pa\/crisolfm\/wp-json\/wp\/v2\/types\/post"}],"author":[{"embeddable":true,"href":"https:\/\/sertv.gob.pa\/crisolfm\/wp-json\/wp\/v2\/users\/64"}],"replies":[{"embeddable":true,"href":"https:\/\/sertv.gob.pa\/crisolfm\/wp-json\/wp\/v2\/comments?post=27661"}],"version-history":[{"count":1,"href":"https:\/\/sertv.gob.pa\/crisolfm\/wp-json\/wp\/v2\/posts\/27661\/revisions"}],"predecessor-version":[{"id":27663,"href":"https:\/\/sertv.gob.pa\/crisolfm\/wp-json\/wp\/v2\/posts\/27661\/revisions\/27663"}],"wp:featuredmedia":[{"embeddable":true,"href":"https:\/\/sertv.gob.pa\/crisolfm\/wp-json\/wp\/v2\/media\/27662"}],"wp:attachment":[{"href":"https:\/\/sertv.gob.pa\/crisolfm\/wp-json\/wp\/v2\/media?parent=27661"}],"wp:term":[{"taxonomy":"category","embeddable":true,"href":"https:\/\/sertv.gob.pa\/crisolfm\/wp-json\/wp\/v2\/categories?post=27661"},{"taxonomy":"post_tag","embeddable":true,"href":"https:\/\/sertv.gob.pa\/crisolfm\/wp-json\/wp\/v2\/tags?post=27661"}],"curies":[{"name":"wp","href":"https:\/\/api.w.org\/{rel}","templated":true}]}}