{"id":27671,"date":"2020-03-25T21:27:16","date_gmt":"2020-03-25T21:27:16","guid":{"rendered":"https:\/\/sertv.gob.pa\/crisolfm\/?p=27671"},"modified":"2020-03-25T21:27:16","modified_gmt":"2020-03-25T21:27:16","slug":"greta-thunberg-se-aislo-dos-semanas-por-sospechas-de-haber-contraido-el-covid-19","status":"publish","type":"post","link":"https:\/\/sertv.gob.pa\/crisolfm\/greta-thunberg-se-aislo-dos-semanas-por-sospechas-de-haber-contraido-el-covid-19\/","title":{"rendered":"Greta Thunberg se aisl\u00f3 dos semanas por sospechas de haber contra\u00eddo el COVID-19."},"content":{"rendered":"<p class=\"entradilla\">La activista medioambiental sueca\u00a0<span class=\"marca\">Greta<\/span> Thunberg, impulsora del movimiento \u00abFridaysForFuture\u00bb, revel\u00f3 este martes que ha estado aislada las dos \u00faltimas semanas por precauci\u00f3n debido a las sospechas de haber contra\u00eddo el coronavirus (COVID-19).<\/p>\n<blockquote>\n<p class=\"txt\">\u201cCuando volv\u00ed de mi viaje por Europa Central, me aisl\u00e9 en un apartamento prestado, lejos de mi hermana y de mi madre, ya que el n\u00famero de casos de COVID-19 (en Alemania, por ejemplo) eran similares a los de Italia al principio\u201d, escribi\u00f3 en su cuenta en la red social Instagram.<\/p>\n<\/blockquote>\n<p class=\"txt\">Thunberg empez\u00f3 a sentir algunos s\u00edntomas leves hace unos diez d\u00edas, al igual que su padre (con quien viaj\u00f3 desde Bruselas), como cansancio, escalofr\u00edos y tos, aunque en el caso de su progenitor fueron m\u00e1s intensos y estuvieron acompa\u00f1ados de fiebre.<\/p>\n<p class=\"txt\">En Suecia solo se realizan pruebas de COVID-19 a personas en estado grave, aunque las autoridades recomiendan a la gente que tiene s\u00edntomas que permanezca aislada en sus casas.<\/p>\n<blockquote>\n<p class=\"txt\">\u201cPor eso no me he podido realizar el test, pero es muy probable que haya tenido el coronavirus, dada la combinaci\u00f3n de s\u00edntomas y circunstancias\u201d, explic\u00f3 la joven.<\/p>\n<\/blockquote>\n<p class=\"txt\">Thunberg asegur\u00f3 que est\u00e1 recuperada y que el \u00faltimo catarro que hab\u00eda tenido fue \u201cmucho peor\u201d, lo que a su parecer revela que este virus es \u201cmucho m\u00e1s peligroso\u201d, ya que muchos, sobre todo j\u00f3venes, pueden no darse cuenta al tener s\u00edntomas muy leves y contagiar as\u00ed a personas de grupos de riesgo.<\/p>\n<blockquote>\n<p class=\"txt\">\u201cQuienes no pertenecemos a uno de esos grupos tenemos una responsabilidad enorme, nuestras acciones pueden ser la diferencia entre la vida y la muerte para muchos otros\u201d, afirm\u00f3.<\/p>\n<\/blockquote>\n<p class=\"txt\"><span class=\"marca\">Greta<\/span>\u00a0Thunberg, de 17 a\u00f1os, comenz\u00f3 en septiembre de 2018 una huelga escolar frente al Parlamento sueco para pedir medidas contra el cambio clim\u00e1tico.<\/p>\n<p class=\"txt\">Su acci\u00f3n inspir\u00f3 un movimiento global, que le ha llevado a ser recibida por l\u00edderes mundiales y a intervenir en citas de alto nivel, adem\u00e1s de haber sido nominada al Nobel de la Paz.<\/p>\n<p class=\"txt\">Fuente: EFEverde<\/p>\n","protected":false},"excerpt":{"rendered":"<p>La activista medioambiental sueca\u00a0Greta Thunberg, impulsora del movimiento \u00abFridaysForFuture\u00bb, revel\u00f3 <a href=\"https:\/\/sertv.gob.pa\/crisolfm\/greta-thunberg-se-aislo-dos-semanas-por-sospechas-de-haber-contraido-el-covid-19\/\"> [&#8230;]<\/a><\/p>\n","protected":false},"author":64,"featured_media":27672,"comment_status":"closed","ping_status":"closed","sticky":false,"template":"","format":"standard","meta":{"footnotes":""},"categories":[7],"tags":[],"class_list":["post-27671","post","type-post","status-publish","format-standard","has-post-thumbnail","hentry","category-ecologicas"],"_links":{"self":[{"href":"https:\/\/sertv.gob.pa\/crisolfm\/wp-json\/wp\/v2\/posts\/27671","targetHints":{"allow":["GET"]}}],"collection":[{"href":"https:\/\/sertv.gob.pa\/crisolfm\/wp-json\/wp\/v2\/posts"}],"about":[{"href":"https:\/\/sertv.gob.pa\/crisolfm\/wp-json\/wp\/v2\/types\/post"}],"author":[{"embeddable":true,"href":"https:\/\/sertv.gob.pa\/crisolfm\/wp-json\/wp\/v2\/users\/64"}],"replies":[{"embeddable":true,"href":"https:\/\/sertv.gob.pa\/crisolfm\/wp-json\/wp\/v2\/comments?post=27671"}],"version-history":[{"count":1,"href":"https:\/\/sertv.gob.pa\/crisolfm\/wp-json\/wp\/v2\/posts\/27671\/revisions"}],"predecessor-version":[{"id":27673,"href":"https:\/\/sertv.gob.pa\/crisolfm\/wp-json\/wp\/v2\/posts\/27671\/revisions\/27673"}],"wp:featuredmedia":[{"embeddable":true,"href":"https:\/\/sertv.gob.pa\/crisolfm\/wp-json\/wp\/v2\/media\/27672"}],"wp:attachment":[{"href":"https:\/\/sertv.gob.pa\/crisolfm\/wp-json\/wp\/v2\/media?parent=27671"}],"wp:term":[{"taxonomy":"category","embeddable":true,"href":"https:\/\/sertv.gob.pa\/crisolfm\/wp-json\/wp\/v2\/categories?post=27671"},{"taxonomy":"post_tag","embeddable":true,"href":"https:\/\/sertv.gob.pa\/crisolfm\/wp-json\/wp\/v2\/tags?post=27671"}],"curies":[{"name":"wp","href":"https:\/\/api.w.org\/{rel}","templated":true}]}}